{"id":1409,"date":"2024-07-01T03:06:45","date_gmt":"2024-07-01T01:06:45","guid":{"rendered":"https:\/\/www.seguros-tractor.es\/blog\/?p=1409"},"modified":"2024-07-01T03:06:45","modified_gmt":"2024-07-01T01:06:45","slug":"asi-es-el-nuevo-bmw-m5","status":"publish","type":"post","link":"https:\/\/www.seguros-tractor.es\/blog\/asi-es-el-nuevo-bmw-m5\/07\/2024\/","title":{"rendered":"As\u00ed es el nuevo BMW M5 que deja a todos boquiabiertos"},"content":{"rendered":"<p><span style=\"font-weight: 400;\">El mundo del automovilismo se encuentra en constante evoluci\u00f3n, y BMW no se queda atr\u00e1s. En esta ocasi\u00f3n, quiero contarte sobre un coche que ha dado mucho de qu\u00e9 hablar, <\/span><b>el BMW M5.\u00a0<\/b><\/p>\n<p><span style=\"font-weight: 400;\">Se trata de un veh\u00edculo que ha sido dise\u00f1ado para desafiar los l\u00edmites de la potencia y la elegancia. En un mundo cada vez m\u00e1s consciente de la importancia de la sostenibilidad y la reducci\u00f3n de emisiones, BMW ha dado un paso audaz<\/span><b> hacia el futuro de la movilidad<\/b><span style=\"font-weight: 400;\"> con su enfoque en la producci\u00f3n de coches el\u00e9ctricos.<\/span><\/p>\n<table>\n<tbody>\n<tr>\n<td><b>Descubre: <\/b><a title=\"Pueblos con playa en Alicante\" href=\"https:\/\/www.viaje-seguro.es\/blog\/pueblos-en-alicante-con-playa\/06\/2024\/\" target=\"_blank\" rel=\"noopener\"><b>7 Pueblos con playa en Alicante para visitar en verano<\/b><\/a><\/td>\n<\/tr>\n<\/tbody>\n<\/table>\n<h2><\/h2>\n<div id=\"ez-toc-container\" class=\"ez-toc-v2_0_82_2 counter-hierarchy ez-toc-counter ez-toc-grey ez-toc-container-direction\">\n<div class=\"ez-toc-title-container\">\n<p class=\"ez-toc-title\" style=\"cursor:inherit\">Table of Contents<\/p>\n<span class=\"ez-toc-title-toggle\"><a href=\"#\" class=\"ez-toc-pull-right ez-toc-btn ez-toc-btn-xs ez-toc-btn-default ez-toc-toggle\" aria-label=\"Alternar tabla de contenidos\"><span class=\"ez-toc-js-icon-con\"><span class=\"\"><span class=\"eztoc-hide\" style=\"display:none;\">Toggle<\/span><span class=\"ez-toc-icon-toggle-span\"><svg style=\"fill: #999;color:#999\" xmlns=\"http:\/\/www.w3.org\/2000\/svg\" class=\"list-377408\" width=\"20px\" height=\"20px\" viewBox=\"0 0 24 24\" fill=\"none\"><path d=\"M6 6H4v2h2V6zm14 0H8v2h12V6zM4 11h2v2H4v-2zm16 0H8v2h12v-2zM4 16h2v2H4v-2zm16 0H8v2h12v-2z\" fill=\"currentColor\"><\/path><\/svg><svg style=\"fill: #999;color:#999\" class=\"arrow-unsorted-368013\" xmlns=\"http:\/\/www.w3.org\/2000\/svg\" width=\"10px\" height=\"10px\" viewBox=\"0 0 24 24\" version=\"1.2\" baseProfile=\"tiny\"><path d=\"M18.2 9.3l-6.2-6.3-6.2 6.3c-.2.2-.3.4-.3.7s.1.5.3.7c.2.2.4.3.7.3h11c.3 0 .5-.1.7-.3.2-.2.3-.5.3-.7s-.1-.5-.3-.7zM5.8 14.7l6.2 6.3 6.2-6.3c.2-.2.3-.5.3-.7s-.1-.5-.3-.7c-.2-.2-.4-.3-.7-.3h-11c-.3 0-.5.1-.7.3-.2.2-.3.5-.3.7s.1.5.3.7z\"\/><\/svg><\/span><\/span><\/span><\/a><\/span><\/div>\n<nav><ul class='ez-toc-list ez-toc-list-level-1 ' ><li class='ez-toc-page-1 ez-toc-heading-level-2'><a class=\"ez-toc-link ez-toc-heading-1\" href=\"https:\/\/www.seguros-tractor.es\/blog\/asi-es-el-nuevo-bmw-m5\/07\/2024\/#%C2%BFComo_es_el_BMW_M5_que_estara_a_la_venta_en_2025\" >\u00bfC\u00f3mo es el BMW M5 que estar\u00e1 a la venta en 2025?<\/a><ul class='ez-toc-list-level-3' ><li class='ez-toc-heading-level-3'><a class=\"ez-toc-link ez-toc-heading-2\" href=\"https:\/\/www.seguros-tractor.es\/blog\/asi-es-el-nuevo-bmw-m5\/07\/2024\/#Motorizacion_potente_y_emocionante\" >Motorizaci\u00f3n potente y emocionante<\/a><\/li><\/ul><\/li><li class='ez-toc-page-1 ez-toc-heading-level-2'><a class=\"ez-toc-link ez-toc-heading-3\" href=\"https:\/\/www.seguros-tractor.es\/blog\/asi-es-el-nuevo-bmw-m5\/07\/2024\/#Asi_es_el_interior_del_BMW_M5\" >As\u00ed es el interior del BMW M5<\/a><ul class='ez-toc-list-level-3' ><li class='ez-toc-heading-level-3'><a class=\"ez-toc-link ez-toc-heading-4\" href=\"https:\/\/www.seguros-tractor.es\/blog\/asi-es-el-nuevo-bmw-m5\/07\/2024\/#Evidente_compromiso_hacia_coches_electricos\" >Evidente compromiso hacia coches el\u00e9ctricos<\/a><\/li><\/ul><\/li><li class='ez-toc-page-1 ez-toc-heading-level-2'><a class=\"ez-toc-link ez-toc-heading-5\" href=\"https:\/\/www.seguros-tractor.es\/blog\/asi-es-el-nuevo-bmw-m5\/07\/2024\/#Sigue_la_marcha_de_los_coches_electricos\" >Sigue la marcha de los coches el\u00e9ctricos<\/a><\/li><\/ul><\/nav><\/div>\n<h2><span class=\"ez-toc-section\" id=\"%C2%BFComo_es_el_BMW_M5_que_estara_a_la_venta_en_2025\"><\/span><span style=\"color: #ff6600;\"><b>\u00bfC\u00f3mo es el BMW M5 que estar\u00e1 a la venta en 2025?<\/b><\/span><span class=\"ez-toc-section-end\"><\/span><\/h2>\n<p><span style=\"font-weight: 400;\">El nuevo BMW M5 <\/span><b>es mucho m\u00e1s que un autom\u00f3vil deportivo <\/b><span style=\"font-weight: 400;\">de alto rendimiento. Es una obra maestra de ingenier\u00eda y dise\u00f1o que te dejar\u00e1 sin aliento. Presenta un dise\u00f1o aerodin\u00e1mico que no solo es atractivo a la vista, sino que tambi\u00e9n mejora significativamente el rendimiento en la carretera.\u00a0<\/span><\/p>\n<p><span style=\"font-weight: 400;\">Cada l\u00ednea y cada detalle han sido cuidadosamente dise\u00f1ados para reducir la resistencia al viento y maximizar la eficiencia. Desde el frente agresivo con su parrilla de doble ri\u00f1\u00f3n hasta el aler\u00f3n trasero integrado, este veh\u00edculo es una obra maestra en movimiento.<\/span><\/p>\n<p>&nbsp;<\/p>\n<h3><span class=\"ez-toc-section\" id=\"Motorizacion_potente_y_emocionante\"><\/span><span style=\"color: #ff6600;\"><b>Motorizaci\u00f3n potente y emocionante<\/b><\/span><span class=\"ez-toc-section-end\"><\/span><\/h3>\n<p><span style=\"font-weight: 400;\">Bajo el cap\u00f3 del BMW M5 late un coraz\u00f3n poderoso. Equipado con un motor V8 biturbo, este veh\u00edculo es capaz de generar un \u00edndice de compresi\u00f3n de 10. Ya sea que est\u00e9s acelerando en la autopista o tomando una curva cerrada, <\/span><b>el M5 te proporcionar\u00e1 una aceleraci\u00f3n impresionante<\/b><span style=\"font-weight: 400;\"> y una respuesta inmediata.\u00a0<\/span><\/p>\n<p><span style=\"font-weight: 400;\">Este veh\u00edculo est\u00e1 equipado con una amplia gama de caracter\u00edsticas avanzadas para mejorar tu experiencia de conducci\u00f3n. Desde sistemas de asistencia al conductor hasta una pantalla t\u00e1ctil de alta definici\u00f3n con conectividad inteligente.<\/span><\/p>\n<table>\n<tbody>\n<tr>\n<td><b>Post en tendencia: <a href=\"https:\/\/www.seguros-tractor.es\/blog\/nuevos-oukitel\/06\/2024\/\">Nuevos OUKITEL: Innovaciones de la marca en 2024<\/a><\/b><\/td>\n<\/tr>\n<\/tbody>\n<\/table>\n<h2><\/h2>\n<h2><span class=\"ez-toc-section\" id=\"Asi_es_el_interior_del_BMW_M5\"><\/span><span style=\"color: #ff6600;\"><b>As\u00ed es el interior del BMW M5<\/b><\/span><span class=\"ez-toc-section-end\"><\/span><\/h2>\n<p><span style=\"font-weight: 400;\">Los asientos de cuero de alta calidad abrazan tu cuerpo, brind\u00e1ndote el soporte perfecto durante los viajes m\u00e1s largos.\u00a0<\/span><\/p>\n<p><span style=\"font-weight: 400;\">Los detalles en fibra de carbono y aluminio realzan la est\u00e9tica deportiva, mientras que la iluminaci\u00f3n ambiental crea una atm\u00f3sfera elegante y sofisticada. <\/span><b>Cada elemento ha sido cuidadosamente dise\u00f1ado<\/b><span style=\"font-weight: 400;\"> para ofrecerte una experiencia de conducci\u00f3n de primer nivel.<\/span><\/p>\n<table>\n<tbody>\n<tr>\n<td>\n<p style=\"text-align: center;\"><b>\u00bfBuscas el respaldo ideal para tu tranquilidad? Usa el <\/b><a title=\"comparador de seguros de autobuses\" href=\"https:\/\/www.seguros-generales.es\/seguros-autobuses.html\" target=\"_blank\" rel=\"noopener\"><b>comparador de seguros de autobuses<\/b><\/a><b> y elige la mejor opci\u00f3n para ti.\u00a0<\/b><\/p>\n<\/td>\n<\/tr>\n<\/tbody>\n<\/table>\n<p><span style=\"font-weight: 400;\">Cuando se trata de seguridad, el BMW M5 no hace concesiones. Este veh\u00edculo est\u00e1 equipado con una amplia gama de tecnolog\u00edas avanzadas de seguridad activa y pasiva para protegerte a ti y a tus ocupantes en todo momento.\u00a0<\/span><\/p>\n<p>&nbsp;<\/p>\n<h3><span class=\"ez-toc-section\" id=\"Evidente_compromiso_hacia_coches_electricos\"><\/span><span style=\"color: #ff6600;\"><b>Evidente compromiso hacia coches el\u00e9ctricos<\/b><\/span><span class=\"ez-toc-section-end\"><\/span><\/h3>\n<p><span style=\"font-weight: 400;\">BMW ha demostrado un claro compromiso con la electrificaci\u00f3n al establecer ambiciosos objetivos de producci\u00f3n de coches el\u00e9ctricos. La compa\u00f1\u00eda ha invertido considerablemente en investigaci\u00f3n y desarrollo.<\/span><\/p>\n<p><span style=\"font-weight: 400;\">Todo esto para crear veh\u00edculos que no solo sean eficientes y respetuosos con el medio ambiente, sino tambi\u00e9n emocionantes de conducir. Este enfoque en la electrificaci\u00f3n refleja la visi\u00f3n de BMW de liderar la transici\u00f3n hacia una movilidad m\u00e1s sostenible.<\/span><\/p>\n<table>\n<tbody>\n<tr>\n<td><b>Post en tendencia: <\/b><a href=\"https:\/\/www.coche-seguro.es\/blog\/6-coches-deportivos-opel\/06\/2024\/\" target=\"_blank\" rel=\"noopener\"><b>6 coches deportivos Opel ic\u00f3nicos en la historia<\/b><\/a><\/td>\n<\/tr>\n<\/tbody>\n<\/table>\n<h2><\/h2>\n<h2><span class=\"ez-toc-section\" id=\"Sigue_la_marcha_de_los_coches_electricos\"><\/span><span style=\"color: #ff6600;\"><b>Sigue la marcha de los coches el\u00e9ctricos<\/b><\/span><span class=\"ez-toc-section-end\"><\/span><\/h2>\n<p><span style=\"font-weight: 400;\">Desde el compacto y \u00e1gil BMW i3 hasta el<\/span><b> elegante y potente BMW i8<\/b><span style=\"font-weight: 400;\">, la compa\u00f1\u00eda ha demostrado que la movilidad el\u00e9ctrica no tiene por qu\u00e9 comprometer el rendimiento o el estilo.<\/span><\/p>\n<p><span style=\"font-weight: 400;\">Adem\u00e1s, BMW ha anunciado planes para lanzar m\u00e1s modelos el\u00e9ctricos en el futuro, lo que demuestra su firme creencia en el potencial de los veh\u00edculos el\u00e9ctricos.<\/span><\/p>\n<p><span style=\"font-weight: 400;\">Su compromiso con la electrificaci\u00f3n, la amplia gama de veh\u00edculos el\u00e9ctricos, la innovaci\u00f3n en tecnolog\u00eda y carga, y su enfoque en la sostenibilidad en toda la cadena de suministro son prueba de su determinaci\u00f3n de marcar la diferencia en la industria automotriz.<\/span><\/p>\n","protected":false},"excerpt":{"rendered":"<p>El mundo del automovilismo se encuentra en constante evoluci\u00f3n, y BMW no se queda atr\u00e1s. En esta ocasi\u00f3n, quiero contarte sobre un coche que ha dado mucho de qu\u00e9 hablar, el BMW M5.\u00a0 Se trata de un veh\u00edculo que ha sido dise\u00f1ado para desafiar los l\u00edmites de la potencia y la elegancia. En un mundo [&hellip;]<\/p>\n","protected":false},"author":3,"featured_media":1410,"comment_status":"open","ping_status":"open","sticky":false,"template":"","format":"standard","meta":{"_et_pb_use_builder":"","_et_pb_old_content":"","_et_gb_content_width":"","footnotes":""},"categories":[4],"tags":[760,763,765,761,762,764],"class_list":["post-1409","post","type-post","status-publish","format-standard","has-post-thumbnail","hentry","category-noticia","tag-bmw-m5","tag-bmw-m5-2025","tag-bmw-m5-caracteristicas","tag-bmw-m5-coche","tag-bmw-m5-electrico","tag-bmw-m5-electrico-precio"],"_links":{"self":[{"href":"https:\/\/www.seguros-tractor.es\/blog\/wp-json\/wp\/v2\/posts\/1409","targetHints":{"allow":["GET"]}}],"collection":[{"href":"https:\/\/www.seguros-tractor.es\/blog\/wp-json\/wp\/v2\/posts"}],"about":[{"href":"https:\/\/www.seguros-tractor.es\/blog\/wp-json\/wp\/v2\/types\/post"}],"author":[{"embeddable":true,"href":"https:\/\/www.seguros-tractor.es\/blog\/wp-json\/wp\/v2\/users\/3"}],"replies":[{"embeddable":true,"href":"https:\/\/www.seguros-tractor.es\/blog\/wp-json\/wp\/v2\/comments?post=1409"}],"version-history":[{"count":2,"href":"https:\/\/www.seguros-tractor.es\/blog\/wp-json\/wp\/v2\/posts\/1409\/revisions"}],"predecessor-version":[{"id":1412,"href":"https:\/\/www.seguros-tractor.es\/blog\/wp-json\/wp\/v2\/posts\/1409\/revisions\/1412"}],"wp:featuredmedia":[{"embeddable":true,"href":"https:\/\/www.seguros-tractor.es\/blog\/wp-json\/wp\/v2\/media\/1410"}],"wp:attachment":[{"href":"https:\/\/www.seguros-tractor.es\/blog\/wp-json\/wp\/v2\/media?parent=1409"}],"wp:term":[{"taxonomy":"category","embeddable":true,"href":"https:\/\/www.seguros-tractor.es\/blog\/wp-json\/wp\/v2\/categories?post=1409"},{"taxonomy":"post_tag","embeddable":true,"href":"https:\/\/www.seguros-tractor.es\/blog\/wp-json\/wp\/v2\/tags?post=1409"}],"curies":[{"name":"wp","href":"https:\/\/api.w.org\/{rel}","templated":true}]}}