{"id":1456,"date":"2024-11-18T22:42:24","date_gmt":"2024-11-18T20:42:24","guid":{"rendered":"https:\/\/www.seguros-tractor.es\/blog\/?p=1456"},"modified":"2024-11-18T22:43:00","modified_gmt":"2024-11-18T20:43:00","slug":"paso-de-la-dana-tractores","status":"publish","type":"post","link":"https:\/\/www.seguros-tractor.es\/blog\/paso-de-la-dana-tractores\/11\/2024\/","title":{"rendered":"M\u00e1s de 300 tractores ayudaron tras el paso de la DANA"},"content":{"rendered":"<p><span style=\"font-weight: 400;\">El paso de la DANA en Valencia dej\u00f3 un escenario terror\u00edfico y doloroso, situaci\u00f3n que hizo que todo el pa\u00eds se solidarizara. Vimos <\/span><b>donaciones millonarias como la de Amancio Ortega<\/b><span style=\"font-weight: 400;\"> y una actuaci\u00f3n c\u00edvica nunca antes vista.<\/span><\/p>\n<p><span style=\"font-weight: 400;\">Pero uno de los hechos que llam\u00f3 la atenci\u00f3n fue el acompa\u00f1amiento de los agricultores, quienes sacaron sus tractores para ayudar a remover los escombros e incluso a mover los coches luego del paso de la DANA. Inicialmente se trat\u00f3 de pocas unidades, pero se pudieron contabilizar <\/span><b>cerca de 300 tractores trabajando en distintos puntos afectados.<\/b><\/p>\n<p><span style=\"font-weight: 400;\">Esta maquinaria pesada fue muy \u00fatil, ya que los <\/span><b>veh\u00edculos dispuestos con palas y remolques<\/b><span style=\"font-weight: 400;\"> ayudaron a remover elementos pesados como troncos, piedras e incluso coches que quedaron atrapados gracias a las inundaciones.\u00a0<\/span><\/p>\n<table>\n<tbody>\n<tr>\n<td><b>Descubre: <\/b><a title=\"Mejores seguros de tractores\" href=\"https:\/\/www.seguros-tractor.es\/blog\/seguros-de-tractores-cobertura\/06\/2023\/\" target=\"_blank\" rel=\"noopener\"><b>Mejores seguros de tractores | Actualizado 2024<\/b><\/a><\/td>\n<\/tr>\n<\/tbody>\n<\/table>\n<h2><\/h2>\n<div id=\"ez-toc-container\" class=\"ez-toc-v2_0_82_2 counter-hierarchy ez-toc-counter ez-toc-grey ez-toc-container-direction\">\n<div class=\"ez-toc-title-container\">\n<p class=\"ez-toc-title\" style=\"cursor:inherit\">Table of Contents<\/p>\n<span class=\"ez-toc-title-toggle\"><a href=\"#\" class=\"ez-toc-pull-right ez-toc-btn ez-toc-btn-xs ez-toc-btn-default ez-toc-toggle\" aria-label=\"Alternar tabla de contenidos\"><span class=\"ez-toc-js-icon-con\"><span class=\"\"><span class=\"eztoc-hide\" style=\"display:none;\">Toggle<\/span><span class=\"ez-toc-icon-toggle-span\"><svg style=\"fill: #999;color:#999\" xmlns=\"http:\/\/www.w3.org\/2000\/svg\" class=\"list-377408\" width=\"20px\" height=\"20px\" viewBox=\"0 0 24 24\" fill=\"none\"><path d=\"M6 6H4v2h2V6zm14 0H8v2h12V6zM4 11h2v2H4v-2zm16 0H8v2h12v-2zM4 16h2v2H4v-2zm16 0H8v2h12v-2z\" fill=\"currentColor\"><\/path><\/svg><svg style=\"fill: #999;color:#999\" class=\"arrow-unsorted-368013\" xmlns=\"http:\/\/www.w3.org\/2000\/svg\" width=\"10px\" height=\"10px\" viewBox=\"0 0 24 24\" version=\"1.2\" baseProfile=\"tiny\"><path d=\"M18.2 9.3l-6.2-6.3-6.2 6.3c-.2.2-.3.4-.3.7s.1.5.3.7c.2.2.4.3.7.3h11c.3 0 .5-.1.7-.3.2-.2.3-.5.3-.7s-.1-.5-.3-.7zM5.8 14.7l6.2 6.3 6.2-6.3c.2-.2.3-.5.3-.7s-.1-.5-.3-.7c-.2-.2-.4-.3-.7-.3h-11c-.3 0-.5.1-.7.3-.2.2-.3.5-.3.7s.1.5.3.7z\"\/><\/svg><\/span><\/span><\/span><\/a><\/span><\/div>\n<nav><ul class='ez-toc-list ez-toc-list-level-1 ' ><li class='ez-toc-page-1 ez-toc-heading-level-2'><a class=\"ez-toc-link ez-toc-heading-1\" href=\"https:\/\/www.seguros-tractor.es\/blog\/paso-de-la-dana-tractores\/11\/2024\/#La_movida_heroica_de_los_tractores_tras_el_paso_de_la_DANA\" >La movida heroica de los tractores tras el paso de la DANA<\/a><ul class='ez-toc-list-level-3' ><li class='ez-toc-heading-level-3'><a class=\"ez-toc-link ez-toc-heading-2\" href=\"https:\/\/www.seguros-tractor.es\/blog\/paso-de-la-dana-tractores\/11\/2024\/#Una_ayuda_social_en_medio_de_una_crisis_abismal\" >Una ayuda social en medio de una crisis abismal\u00a0<\/a><\/li><\/ul><\/li><li class='ez-toc-page-1 ez-toc-heading-level-2'><a class=\"ez-toc-link ez-toc-heading-3\" href=\"https:\/\/www.seguros-tractor.es\/blog\/paso-de-la-dana-tractores\/11\/2024\/#Un_contexto_de_opiniones_variadas\" >Un contexto de opiniones variadas<\/a><\/li><\/ul><\/nav><\/div>\n<h2><span class=\"ez-toc-section\" id=\"La_movida_heroica_de_los_tractores_tras_el_paso_de_la_DANA\"><\/span><span style=\"color: #ff6600;\"><b>La movida heroica de los tractores tras el paso de la DANA<\/b><\/span><span class=\"ez-toc-section-end\"><\/span><\/h2>\n<p><span style=\"font-weight: 400;\">El paso de la DANA en Valencia <\/span><b>cobr\u00f3 la vida de m\u00e1s de 220 personas<\/b><span style=\"font-weight: 400;\">, y otras decenas de personas permanecen desaparecidas mientras se gestionan las labores de recuperaci\u00f3n. En medio de la calamidad se vieron actos altruistas como el del l\u00edder sindicalista agrario de la Uni\u00f3 Fernando Dur\u00e1.\u00a0<\/span><\/p>\n<p><span style=\"font-weight: 400;\">B\u00e1sicamente Fernando quiso <\/span><b>coordinar al gremio de los agricultores<\/b><span style=\"font-weight: 400;\"> para que con ayuda de los sectores pudieran eliminar escombros para efectuar la recuperaci\u00f3n de la zona vial. Un trabajo que realizaron d\u00eda tras d\u00eda con gran fervor en compa\u00f1\u00eda de los bomberos.<\/span><\/p>\n<blockquote><p><span style=\"font-weight: 400;\">\u201cPrincipalmente estamos despejando las v\u00edas de comunicaci\u00f3n y las calles de los pueblos, retirando veh\u00edculos y escombros con los tractores. Hacemos una inspecci\u00f3n ocular del terreno y cuando ya lo tenemos claro, pues vamos con todo lo que tenemos. Nos coordinamos nosotros mismos, pero tambi\u00e9n hacemos cualquier trabajo que nos pidan los bomberos o las autoridades que est\u00e1n all\u00ed\u00bb<\/span><\/p><\/blockquote>\n<table>\n<tbody>\n<tr>\n<td>\n<p style=\"text-align: center;\"><b>\u00bfInteresado en conseguir el m\u00e1ximo respaldo y comodidad? Usa gratis el <\/b><a title=\"comparador de seguros de tractores\" href=\"https:\/\/www.seguros-generales.es\/seguros-tractor.html\" target=\"_blank\" rel=\"noopener\"><b>comparador de seguros de tractores<\/b><\/a><b> y descubre los mejores precios en p\u00f3lizas.<\/b><\/p>\n<\/td>\n<\/tr>\n<\/tbody>\n<\/table>\n<h3><\/h3>\n<h3><span class=\"ez-toc-section\" id=\"Una_ayuda_social_en_medio_de_una_crisis_abismal\"><\/span><span style=\"color: #ff6600;\"><b>Una ayuda social en medio de una crisis abismal\u00a0<\/b><\/span><span class=\"ez-toc-section-end\"><\/span><\/h3>\n<p><span style=\"font-weight: 400;\">La <\/span><b>ayuda de los tractores luego del paso de la DANA<\/b><span style=\"font-weight: 400;\"> en Valencia ha sido bien recibida tanto por los organismos de seguridad como por las personas que han conocido la noticia a trav\u00e9s de las redes sociales.<\/span><\/p>\n<p><span style=\"font-weight: 400;\">Sin embargo, tambi\u00e9n reforz\u00f3 ciertas opiniones sobre que <\/span><b>el gobierno no efectu\u00f3 todas las ayudas posibles<\/b><span style=\"font-weight: 400;\"> ni prevenciones con suficiente antelaci\u00f3n. Aunque esto es algo pol\u00e9mico que tiene varias vertientes.<\/span><\/p>\n<p><a href=\"https:\/\/www.seguros-generales.es\/seguros-tractor.html\" target=\"_blank\" rel=\"noopener\"><img loading=\"lazy\" decoding=\"async\" class=\"aligncenter wp-image-1424 size-full\" title=\"comparador de seguros de tractores\" src=\"https:\/\/www.seguros-tractor.es\/blog\/wp-content\/uploads\/2024\/08\/TRACTOR.png\" alt=\"Comparador de seguros de tractor\" width=\"600\" height=\"200\" srcset=\"https:\/\/www.seguros-tractor.es\/blog\/wp-content\/uploads\/2024\/08\/TRACTOR.png 600w, https:\/\/www.seguros-tractor.es\/blog\/wp-content\/uploads\/2024\/08\/TRACTOR-480x160.png 480w\" sizes=\"(min-width: 0px) and (max-width: 480px) 480px, (min-width: 481px) 600px, 100vw\" \/><\/a><\/p>\n<h2><span class=\"ez-toc-section\" id=\"Un_contexto_de_opiniones_variadas\"><\/span><span style=\"color: #ff6600;\"><b>Un contexto de opiniones variadas<\/b><\/span><span class=\"ez-toc-section-end\"><\/span><\/h2>\n<p><span style=\"font-weight: 400;\">Fernando Dur\u00e1 coment\u00f3 lo siguiente: \u00abAhora s\u00ed que vemos al Ej\u00e9rcito con camiones g\u00f3ndola, excavadoras, palas, etc. Estamos viendo que se est\u00e1n movilizando, pero es que ya llevamos una semana desde que ocurri\u00f3 el desastre y creo que deber\u00edan de haber estado aqu\u00ed desde el primer d\u00eda\u00bb.<\/span><\/p>\n<p><span style=\"font-weight: 400;\">Las acciones de los agricultores incluso fueron clave para <\/span><b>disminuir un poco las acumulaciones de agua<\/b><span style=\"font-weight: 400;\"> que se dieron en los garajes tras el paso de la DANA en Valencia. Y en su momento, aseguraron que iban a permanecer hasta que sintieran que estaban molestando por la magnitud de las maquinarias.\u00a0<\/span><\/p>\n<p><span style=\"font-weight: 400;\">El vicesecretario del gremio sindicalista mencion\u00f3 lo siguiente \u201cLo m\u00e1s importante en estos casos es la rapidez y nosotros ten\u00edamos la maquinaria adecuada para despejar v\u00edas y para achicar agua de los garajes. El Ej\u00e9rcito o los bomberos habr\u00edan tardado m\u00e1s en llegar a determinadas zonas porque muchas carreteras y caminos estaban cortados\u201d.\u00a0<\/span><\/p>\n","protected":false},"excerpt":{"rendered":"<p>El paso de la DANA en Valencia dej\u00f3 un escenario terror\u00edfico y doloroso, situaci\u00f3n que hizo que todo el pa\u00eds se solidarizara. Vimos donaciones millonarias como la de Amancio Ortega y una actuaci\u00f3n c\u00edvica nunca antes vista. Pero uno de los hechos que llam\u00f3 la atenci\u00f3n fue el acompa\u00f1amiento de los agricultores, quienes sacaron sus [&hellip;]<\/p>\n","protected":false},"author":3,"featured_media":1457,"comment_status":"open","ping_status":"open","sticky":false,"template":"","format":"standard","meta":{"_et_pb_use_builder":"","_et_pb_old_content":"","_et_gb_content_width":"","footnotes":""},"categories":[4],"tags":[810,808,805,807,806,809],"class_list":["post-1456","post","type-post","status-publish","format-standard","has-post-thumbnail","hentry","category-noticia","tag-agricultores-danos-por-dana","tag-dana-tractores","tag-paso-de-la-dana","tag-paso-de-la-dana-tractores","tag-paso-de-la-dana-valencia","tag-tractores-danos-por-dana"],"_links":{"self":[{"href":"https:\/\/www.seguros-tractor.es\/blog\/wp-json\/wp\/v2\/posts\/1456","targetHints":{"allow":["GET"]}}],"collection":[{"href":"https:\/\/www.seguros-tractor.es\/blog\/wp-json\/wp\/v2\/posts"}],"about":[{"href":"https:\/\/www.seguros-tractor.es\/blog\/wp-json\/wp\/v2\/types\/post"}],"author":[{"embeddable":true,"href":"https:\/\/www.seguros-tractor.es\/blog\/wp-json\/wp\/v2\/users\/3"}],"replies":[{"embeddable":true,"href":"https:\/\/www.seguros-tractor.es\/blog\/wp-json\/wp\/v2\/comments?post=1456"}],"version-history":[{"count":1,"href":"https:\/\/www.seguros-tractor.es\/blog\/wp-json\/wp\/v2\/posts\/1456\/revisions"}],"predecessor-version":[{"id":1458,"href":"https:\/\/www.seguros-tractor.es\/blog\/wp-json\/wp\/v2\/posts\/1456\/revisions\/1458"}],"wp:featuredmedia":[{"embeddable":true,"href":"https:\/\/www.seguros-tractor.es\/blog\/wp-json\/wp\/v2\/media\/1457"}],"wp:attachment":[{"href":"https:\/\/www.seguros-tractor.es\/blog\/wp-json\/wp\/v2\/media?parent=1456"}],"wp:term":[{"taxonomy":"category","embeddable":true,"href":"https:\/\/www.seguros-tractor.es\/blog\/wp-json\/wp\/v2\/categories?post=1456"},{"taxonomy":"post_tag","embeddable":true,"href":"https:\/\/www.seguros-tractor.es\/blog\/wp-json\/wp\/v2\/tags?post=1456"}],"curies":[{"name":"wp","href":"https:\/\/api.w.org\/{rel}","templated":true}]}}