{"id":368,"date":"2018-11-22T23:29:50","date_gmt":"2018-11-22T21:29:50","guid":{"rendered":"https:\/\/www.seguros-tractor.es\/blog\/?p=368"},"modified":"2023-12-18T03:23:25","modified_gmt":"2023-12-18T01:23:25","slug":"en-riesgo-mas-de-25-mil-tractores-por-la-eliminacion-de-motores-a-diesel","status":"publish","type":"post","link":"https:\/\/www.seguros-tractor.es\/blog\/en-riesgo-mas-de-25-mil-tractores-por-la-eliminacion-de-motores-a-diesel\/11\/2018\/","title":{"rendered":"En riesgo m\u00e1s de 25 mil tractores por la eliminaci\u00f3n de motores a di\u00e9sel"},"content":{"rendered":"<p>Ante el anuncio dado por el gobierno sobre la<strong> eliminaci\u00f3n de motores a di\u00e9sel<\/strong> muestra que dejaron a el olvido el sistema primario. De hecho, a\u00fan intentan buscar una soluci\u00f3n ante esa problem\u00e1tica, pero a\u00fan no la encuentran. Los que son m\u00e1s afectados por este anuncio son los sectores de agricultura y ganader\u00eda.<\/p>\n<p style=\"text-align: center;\"><a href=\"https:\/\/www.seguros-tractor.es\/\"><em><strong>Compara los seguros de Tractores m\u00e1s baratos en tan solo unos minutos<\/strong><\/em><\/a><\/p>\n<p>Seg\u00fan el informe dado se pretende <strong>eliminar por completo los motores de combusti\u00f3n<\/strong> <strong>para el a\u00f1o 2040<\/strong>. Es decir que quedan 21 a\u00f1os para que todas las empresas y organizaciones se apeguen a lo dicho.<\/p>\n<p>Ante esto, las empresas y organizaciones agr\u00edcolas, agrarias y la ganader\u00eda muestran que por los momentos<strong> no hay alg\u00fan componente que pueda sustituir al di\u00e9sel<\/strong>. Adem\u00e1s, a\u00f1adieron que ni siquiera se sab\u00eda si alguna industria tendr\u00eda la capacidad de crear una alternativa a corta plazo.<\/p>\n<div id=\"ez-toc-container\" class=\"ez-toc-v2_0_82_2 counter-hierarchy ez-toc-counter ez-toc-grey ez-toc-container-direction\">\n<div class=\"ez-toc-title-container\">\n<p class=\"ez-toc-title\" style=\"cursor:inherit\">Table of Contents<\/p>\n<span class=\"ez-toc-title-toggle\"><a href=\"#\" class=\"ez-toc-pull-right ez-toc-btn ez-toc-btn-xs ez-toc-btn-default ez-toc-toggle\" aria-label=\"Alternar tabla de contenidos\"><span class=\"ez-toc-js-icon-con\"><span class=\"\"><span class=\"eztoc-hide\" style=\"display:none;\">Toggle<\/span><span class=\"ez-toc-icon-toggle-span\"><svg style=\"fill: #999;color:#999\" xmlns=\"http:\/\/www.w3.org\/2000\/svg\" class=\"list-377408\" width=\"20px\" height=\"20px\" viewBox=\"0 0 24 24\" fill=\"none\"><path d=\"M6 6H4v2h2V6zm14 0H8v2h12V6zM4 11h2v2H4v-2zm16 0H8v2h12v-2zM4 16h2v2H4v-2zm16 0H8v2h12v-2z\" fill=\"currentColor\"><\/path><\/svg><svg style=\"fill: #999;color:#999\" class=\"arrow-unsorted-368013\" xmlns=\"http:\/\/www.w3.org\/2000\/svg\" width=\"10px\" height=\"10px\" viewBox=\"0 0 24 24\" version=\"1.2\" baseProfile=\"tiny\"><path d=\"M18.2 9.3l-6.2-6.3-6.2 6.3c-.2.2-.3.4-.3.7s.1.5.3.7c.2.2.4.3.7.3h11c.3 0 .5-.1.7-.3.2-.2.3-.5.3-.7s-.1-.5-.3-.7zM5.8 14.7l6.2 6.3 6.2-6.3c.2-.2.3-.5.3-.7s-.1-.5-.3-.7c-.2-.2-.4-.3-.7-.3h-11c-.3 0-.5.1-.7.3-.2.2-.3.5-.3.7s.1.5.3.7z\"\/><\/svg><\/span><\/span><\/span><\/a><\/span><\/div>\n<nav><ul class='ez-toc-list ez-toc-list-level-1 ' ><li class='ez-toc-page-1 ez-toc-heading-level-2'><a class=\"ez-toc-link ez-toc-heading-1\" href=\"https:\/\/www.seguros-tractor.es\/blog\/en-riesgo-mas-de-25-mil-tractores-por-la-eliminacion-de-motores-a-diesel\/11\/2018\/#Tractores_electricos_no_tiene_la_capacidad_de_cubrir_todos_los_mercados\" >Tractores el\u00e9ctricos no tiene la capacidad de cubrir todos los mercados<\/a><ul class='ez-toc-list-level-3' ><li class='ez-toc-heading-level-3'><a class=\"ez-toc-link ez-toc-heading-2\" href=\"https:\/\/www.seguros-tractor.es\/blog\/en-riesgo-mas-de-25-mil-tractores-por-la-eliminacion-de-motores-a-diesel\/11\/2018\/#Maquinas_automotrices_electricas\" >M\u00e1quinas automotrices el\u00e9ctricas<\/a><\/li><li class='ez-toc-page-1 ez-toc-heading-level-3'><a class=\"ez-toc-link ez-toc-heading-3\" href=\"https:\/\/www.seguros-tractor.es\/blog\/en-riesgo-mas-de-25-mil-tractores-por-la-eliminacion-de-motores-a-diesel\/11\/2018\/#Cambios_de_maquinaria_requiere_de_gran_inversion\" >Cambios de maquinaria requiere de gran inversi\u00f3n<\/a><\/li><\/ul><\/li><\/ul><\/nav><\/div>\n<h2><span class=\"ez-toc-section\" id=\"Tractores_electricos_no_tiene_la_capacidad_de_cubrir_todos_los_mercados\"><\/span><span style=\"color: #ff6600;\">Tractores el\u00e9ctricos no tiene la capacidad de cubrir todos los mercados<\/span><span class=\"ez-toc-section-end\"><\/span><\/h2>\n<p>Seg\u00fan el anuncio dado por el gobierno, el objetivo es utilizar, para los trabajos antes mencionados,<strong> tractores el\u00e9ctricos<\/strong>. Pero<strong>, son pocas las empresas y organizaciones que tienen a sus disposiciones tractores de esta clase.<\/strong><\/p>\n<p>De hecho, hoy la actividad ganadera, agr\u00edcola y agraria es muy grande y extensa. Por eso, para realizar dichas tareas es importante e<strong>l uso de varios tractores pues cada uno cumple un papel indispensable en cada \u00e1rea.<\/strong><\/p>\n<p>Con ese fin, m<strong>uchas empresas han estado produciendo y creando nuevas maquinarias<\/strong> autopropulsadas con el objetivo de saciar todas las necesidades que se tengan al respecto. Por otro lado, en unos datos obtenidos sobre la<strong> provincial de Le\u00f3n<\/strong> se consigui\u00f3 las siguientes cantidades de maquinarias:<\/p>\n<ol>\n<li>Tractores de cadenas m\u00e1s de 105.<\/li>\n<li>Cosechadora de cereales 669.<\/li>\n<li>Tractores de ruedas casi 30 mil.<\/li>\n<li>Cosechadora de forraje casi 50.<\/li>\n<li>Cargadoras 214.<\/li>\n<li>Cosechadora de remolacha m\u00e1s de 20.<\/li>\n<li>Tractocarros casi 44 mil.<\/li>\n<li>Cosechadora de vi\u00f1edo 7.<\/li>\n<li>.Motocultores 3600.<\/li>\n<li>Entre otras 130 m\u00e1quinas de otra clase.<\/li>\n<\/ol>\n<p>Cuando se observa toda la gran cantidad de m\u00e1quinas automotriz existentes y necesarias, se puede sobrentender que <strong>es muy dif\u00edcil reemplazarlas a todas<\/strong>. Ya que requiere de muchos gastos econ\u00f3micos.<\/p>\n<p>Aunque, el ministerio de agricultura, alimentaci\u00f3n y medio ambiente afirma que <strong>estos cambios no tendr\u00e1n ning\u00fan perjuicio para las distintas producciones.<\/strong><\/p>\n<h3><span class=\"ez-toc-section\" id=\"Maquinas_automotrices_electricas\"><\/span><span style=\"color: #ff6600;\">M\u00e1quinas automotrices el\u00e9ctricas<\/span><span class=\"ez-toc-section-end\"><\/span><\/h3>\n<p>Un detalle importante es que los profesionales opinan que, en s\u00ed, <strong>estas m\u00e1quinas el\u00e9ctricas en el futuro ayudar\u00e1n a tener mejor producci\u00f3n tanto agr\u00edcola como ganadera.<\/strong><\/p>\n<p>Se dice esto ya que <strong>se pueden implementar los sistemas verdes<\/strong> para poder obtener la energ\u00eda respectiva para cada veh\u00edculo. Esto entonces har\u00eda que bajar\u00e1n los costes para la producci\u00f3n y habr\u00e1 menos perjuicio por la huella de carbono.<\/p>\n<p>A pesar de las intenciones que tiene el gobierno hay que destacar que actualmente no es posible llevarlo a cabo. <strong>Son muy pocas las modalidades que existen con el objetivo de no contaminar el ambiente y el ahorro de energ\u00eda.<\/strong><\/p>\n<p>De hecho, en el mercado son muy pocos los veh\u00edculos automotrices que contienen los sistemas verdes. Ya que hasta los momentos la mayor\u00eda de <strong>las distribuidoras de estas m\u00e1quinas han realizado puros modelos.<\/strong><\/p>\n<p>Espec\u00edficamente en el caso de los tractores el\u00e9ctricos, las marcas<strong> Fendt<\/strong> y<strong> Jhon Deere<\/strong> est\u00e1n realizando<strong> pruebas en algunas empresas para ver la funcionalidad de estas.<\/strong> Un aspecto que destacar es que estos tractores solo tienen un tiempo de <strong>uso de 6 horas corridas<\/strong>. Esto es m\u00ednimo ante la cantidad de horas que se trabaja en estas \u00e1reas.<\/p>\n<p>Claro, no es que lo ganaderos o agricultores est\u00e9n en contra de estos cambios, pues ellos saben que <strong>en el futuro esto traer\u00e1 beneficios tanto de producci\u00f3n, como de distribuci\u00f3n<\/strong>. Incluso, alguna de estas organizaciones y empresas han realizados b\u00fasquedas de productos y tratamientos que no perjudique al medio ambiente ni a las personas. Lo que demuestra que apoyan la protecci\u00f3n ambiental de igual forma que el gobierno.<\/p>\n<p>Por un lado, los ganaderos y agricultores<strong> intentan disminuir al m\u00e1ximo posible el gasto de agua.<\/strong> Pues no quieren sufrir de alguna sequ\u00eda que ser\u00eda totalmente perjudicial. De all\u00ed, que muchos tienen proyectos e investigaciones sobre los m\u00e9todos m\u00e1s eficaces para reducir el gasto de agua.<\/p>\n<h3><span class=\"ez-toc-section\" id=\"Cambios_de_maquinaria_requiere_de_gran_inversion\"><\/span><span style=\"color: #ff6600;\">Cambios de maquinaria requiere de gran inversi\u00f3n<\/span><span class=\"ez-toc-section-end\"><\/span><\/h3>\n<p>Una de las mayores inversiones que se puede hacer es la compra de maquinaria agr\u00edcola. Esto hace que se explote y se tenga cada vez mejores resultados. Pero, el tener que comenzar desde cero y cambiar todas las maquinarias <strong>requiere de miles y miles de euros<\/strong>.<\/p>\n<p style=\"text-align: center;\"><a href=\"https:\/\/www.seguros-tractor.es\/\"><em><strong>Compara los seguros de Tractores m\u00e1s baratos en tan solo unos minutos<\/strong><\/em><\/a><\/p>\n<p>Por eso, si de verdad se llevar\u00e1 a cabo el cambio propuesto y anunciado, se tendr\u00e1 que dar el tiempo oportuno. La renovaci\u00f3n de los veh\u00edculos automotriz ser\u00e1 un proceso constante y de paso a paso.<\/p>\n","protected":false},"excerpt":{"rendered":"<p>Ante el anuncio dado por el gobierno sobre la eliminaci\u00f3n de motores a di\u00e9sel muestra que dejaron a el olvido el sistema primario. De hecho, a\u00fan intentan buscar una soluci\u00f3n ante esa problem\u00e1tica, pero a\u00fan no la encuentran. Los que son m\u00e1s afectados por este anuncio son los sectores de agricultura y ganader\u00eda. Compara los [&hellip;]<\/p>\n","protected":false},"author":1,"featured_media":375,"comment_status":"open","ping_status":"open","sticky":false,"template":"","format":"standard","meta":{"_et_pb_use_builder":"","_et_pb_old_content":"","_et_gb_content_width":"","footnotes":""},"categories":[1],"tags":[18,19,17,16],"class_list":["post-368","post","type-post","status-publish","format-standard","has-post-thumbnail","hentry","category-sin-categoria","tag-fendt","tag-jhon-deere","tag-provincial-de-leon","tag-tractores-electricos"],"_links":{"self":[{"href":"https:\/\/www.seguros-tractor.es\/blog\/wp-json\/wp\/v2\/posts\/368","targetHints":{"allow":["GET"]}}],"collection":[{"href":"https:\/\/www.seguros-tractor.es\/blog\/wp-json\/wp\/v2\/posts"}],"about":[{"href":"https:\/\/www.seguros-tractor.es\/blog\/wp-json\/wp\/v2\/types\/post"}],"author":[{"embeddable":true,"href":"https:\/\/www.seguros-tractor.es\/blog\/wp-json\/wp\/v2\/users\/1"}],"replies":[{"embeddable":true,"href":"https:\/\/www.seguros-tractor.es\/blog\/wp-json\/wp\/v2\/comments?post=368"}],"version-history":[{"count":1,"href":"https:\/\/www.seguros-tractor.es\/blog\/wp-json\/wp\/v2\/posts\/368\/revisions"}],"predecessor-version":[{"id":1236,"href":"https:\/\/www.seguros-tractor.es\/blog\/wp-json\/wp\/v2\/posts\/368\/revisions\/1236"}],"wp:featuredmedia":[{"embeddable":true,"href":"https:\/\/www.seguros-tractor.es\/blog\/wp-json\/wp\/v2\/media\/375"}],"wp:attachment":[{"href":"https:\/\/www.seguros-tractor.es\/blog\/wp-json\/wp\/v2\/media?parent=368"}],"wp:term":[{"taxonomy":"category","embeddable":true,"href":"https:\/\/www.seguros-tractor.es\/blog\/wp-json\/wp\/v2\/categories?post=368"},{"taxonomy":"post_tag","embeddable":true,"href":"https:\/\/www.seguros-tractor.es\/blog\/wp-json\/wp\/v2\/tags?post=368"}],"curies":[{"name":"wp","href":"https:\/\/api.w.org\/{rel}","templated":true}]}}