{"id":376,"date":"2018-11-23T22:11:19","date_gmt":"2018-11-23T20:11:19","guid":{"rendered":"https:\/\/www.seguros-tractor.es\/blog\/?p=376"},"modified":"2023-12-18T03:23:08","modified_gmt":"2023-12-18T01:23:08","slug":"el-premio-al-tractor-del-ano-2019-se-entregara-en-el-eima-international-2018","status":"publish","type":"post","link":"https:\/\/www.seguros-tractor.es\/blog\/el-premio-al-tractor-del-ano-2019-se-entregara-en-el-eima-international-2018\/11\/2018\/","title":{"rendered":"El Premio al Tractor del a\u00f1o 2019 se entregar\u00e1 en el EIMA INTERNATIONAL 2018"},"content":{"rendered":"<p>Bolognia 2018. Es en esta ciudad italiana donde se llev\u00f3 a cabo la Exposici\u00f3n Internacional de Maquinaria para la Agricultura, EIMA por sus iniciales en italiano. A su vez, <strong>se entregaron los premios a los tractores<\/strong> presentes en el mercado que lograron destacarse\u00a0 tanto\u00a0en dise\u00f1o como rendimiento.<\/p>\n<p style=\"text-align: center;\"><a href=\"https:\/\/www.seguros-tractor.es\/\"><em><strong>Compara los seguros de Tractores m\u00e1s baratos en tan solo unos minutos.<\/strong><\/em><\/a><\/p>\n<p><strong>Se entregaron distintos galardones<\/strong> donde por supuesto destaca el premio al tractor del a\u00f1o. M\u00e1s sin embargo, se tom\u00f3 la oportunidad de galardonar al Mejor tractor Utilitario, Mejor Especializado y Mejor Dise\u00f1o.<\/p>\n<div id=\"ez-toc-container\" class=\"ez-toc-v2_0_82_2 counter-hierarchy ez-toc-counter ez-toc-grey ez-toc-container-direction\">\n<div class=\"ez-toc-title-container\">\n<p class=\"ez-toc-title\" style=\"cursor:inherit\">Table of Contents<\/p>\n<span class=\"ez-toc-title-toggle\"><a href=\"#\" class=\"ez-toc-pull-right ez-toc-btn ez-toc-btn-xs ez-toc-btn-default ez-toc-toggle\" aria-label=\"Alternar tabla de contenidos\"><span class=\"ez-toc-js-icon-con\"><span class=\"\"><span class=\"eztoc-hide\" style=\"display:none;\">Toggle<\/span><span class=\"ez-toc-icon-toggle-span\"><svg style=\"fill: #999;color:#999\" xmlns=\"http:\/\/www.w3.org\/2000\/svg\" class=\"list-377408\" width=\"20px\" height=\"20px\" viewBox=\"0 0 24 24\" fill=\"none\"><path d=\"M6 6H4v2h2V6zm14 0H8v2h12V6zM4 11h2v2H4v-2zm16 0H8v2h12v-2zM4 16h2v2H4v-2zm16 0H8v2h12v-2z\" fill=\"currentColor\"><\/path><\/svg><svg style=\"fill: #999;color:#999\" class=\"arrow-unsorted-368013\" xmlns=\"http:\/\/www.w3.org\/2000\/svg\" width=\"10px\" height=\"10px\" viewBox=\"0 0 24 24\" version=\"1.2\" baseProfile=\"tiny\"><path d=\"M18.2 9.3l-6.2-6.3-6.2 6.3c-.2.2-.3.4-.3.7s.1.5.3.7c.2.2.4.3.7.3h11c.3 0 .5-.1.7-.3.2-.2.3-.5.3-.7s-.1-.5-.3-.7zM5.8 14.7l6.2 6.3 6.2-6.3c.2-.2.3-.5.3-.7s-.1-.5-.3-.7c-.2-.2-.4-.3-.7-.3h-11c-.3 0-.5.1-.7.3-.2.2-.3.5-.3.7s.1.5.3.7z\"\/><\/svg><\/span><\/span><\/span><\/a><\/span><\/div>\n<nav><ul class='ez-toc-list ez-toc-list-level-1 ' ><li class='ez-toc-page-1 ez-toc-heading-level-2'><a class=\"ez-toc-link ez-toc-heading-1\" href=\"https:\/\/www.seguros-tractor.es\/blog\/el-premio-al-tractor-del-ano-2019-se-entregara-en-el-eima-international-2018\/11\/2018\/#Tractor_del_Ano_2019_%E2%80%93CASE_IH_Maxxum_145_Active_Drive_8\" >Tractor del A\u00f1o 2019 \u2013CASE IH Maxxum 145 Active Drive 8-<\/a><ul class='ez-toc-list-level-3' ><li class='ez-toc-heading-level-3'><a class=\"ez-toc-link ez-toc-heading-2\" href=\"https:\/\/www.seguros-tractor.es\/blog\/el-premio-al-tractor-del-ano-2019-se-entregara-en-el-eima-international-2018\/11\/2018\/#Tractor_con_Mejor_Diseno_2019_%E2%80%93CASE_IH_Maxxum_145_ActiveDrive_8\" >Tractor con Mejor Dise\u00f1o 2019 \u2013CASE IH Maxxum 145 ActiveDrive 8-<\/a><\/li><li class='ez-toc-page-1 ez-toc-heading-level-3'><a class=\"ez-toc-link ez-toc-heading-3\" href=\"https:\/\/www.seguros-tractor.es\/blog\/el-premio-al-tractor-del-ano-2019-se-entregara-en-el-eima-international-2018\/11\/2018\/#Mejor_Tractor_Utilitario_2019_%E2%80%93Fendt_313_Vario\" >Mejor Tractor Utilitario 2019 \u2013Fendt 313 Vario-<\/a><\/li><li class='ez-toc-page-1 ez-toc-heading-level-3'><a class=\"ez-toc-link ez-toc-heading-4\" href=\"https:\/\/www.seguros-tractor.es\/blog\/el-premio-al-tractor-del-ano-2019-se-entregara-en-el-eima-international-2018\/11\/2018\/#Mejor_Tractor_Especializado_2019_%E2%80%93SAME_Frutteto_Cvt_115_S\" >Mejor Tractor Especializado 2019 \u2013SAME Frutteto Cvt 115 S-<\/a><\/li><\/ul><\/li><\/ul><\/nav><\/div>\n<h2><span class=\"ez-toc-section\" id=\"Tractor_del_Ano_2019_%E2%80%93CASE_IH_Maxxum_145_Active_Drive_8\"><\/span><span style=\"color: #ff6600;\">Tractor del A\u00f1o 2019 \u2013CASE IH Maxxum 145 Active Drive 8-<\/span><span class=\"ez-toc-section-end\"><\/span><\/h2>\n<p>Este a\u00f1o el premio de la noche le fue otorgado al<strong> tractor Maxxum 145 Active Drive 8<\/strong> de la casa Case IH. Esta m\u00e1quina de<strong> alta tecnolog\u00eda y dise\u00f1o vanguardista<\/strong> fabricado en Dinamarca se llev\u00f3 el favor de los jueces.<\/p>\n<p>Gracias a sus <strong>145 caballos de fuerza y su capacidad hidr\u00e1ulica de 33.5 galones por minuto.\u00a0<\/strong>\u00a0Esta serie de tractores muestran el equilibrio perfecto entre eficiencia de poder\u00a0y conveniencia<\/p>\n<p>Al operarse el mismo<strong> es de naturaleza multiuso<\/strong>\u00a0lo cual le permite un incremento de productividad, actuaci\u00f3n y eficiencia. Lo que le permite mantener las operaciones de la granja corriendo sin inconvenientes.<\/p>\n<h3><span class=\"ez-toc-section\" id=\"Tractor_con_Mejor_Diseno_2019_%E2%80%93CASE_IH_Maxxum_145_ActiveDrive_8\"><\/span><span style=\"color: #ff6600;\">Tractor con Mejor Dise\u00f1o 2019 \u2013CASE IH Maxxum 145 ActiveDrive 8-<\/span><span class=\"ez-toc-section-end\"><\/span><\/h3>\n<p>Gracias a su<strong> espectacular carrocer\u00eda y cabina ergon\u00f3mica de alta gama<\/strong>. El tractor Dan\u00e9s tambi\u00e9n logr\u00f3 llevarse este segundo premio gracias a su dinamismo y dise\u00f1o moderno y elegante.<\/p>\n<h3><span class=\"ez-toc-section\" id=\"Mejor_Tractor_Utilitario_2019_%E2%80%93Fendt_313_Vario\"><\/span><span style=\"color: #ff6600;\">Mejor Tractor Utilitario 2019 \u2013Fendt 313 Vario-<\/span><span class=\"ez-toc-section-end\"><\/span><\/h3>\n<p>El panel se inclin\u00f3 por esta peque\u00f1a pero imponente m\u00e1quina, de<strong> origen alem\u00e1n la serie 313 de Fendt<\/strong>. Esta m\u00e1quina <strong>mostr\u00f3 el mejor rendimiento<\/strong> posible en cuanto al cultivo de alimentos para ganados y recolecci\u00f3n de cosechas. Gracias a su <strong>transmisi\u00f3n de vanguardia, ahorro en consumo de combustible y una cabina de \u00faltima tecnolog\u00eda.<\/strong><\/p>\n<p>Adem\u00e1s cuenta con indicadores y controladores de todo tipo, lo que lo convierte en el tractor a elegir para aquellos agricultores que se dediquen en un 100% a la explotaci\u00f3n de la tierra.<\/p>\n<h3><span class=\"ez-toc-section\" id=\"Mejor_Tractor_Especializado_2019_%E2%80%93SAME_Frutteto_Cvt_115_S\"><\/span><span style=\"color: #ff6600;\">Mejor Tractor Especializado 2019 \u2013SAME Frutteto Cvt 115 S-<\/span><span class=\"ez-toc-section-end\"><\/span><\/h3>\n<p>La compa\u00f1\u00eda italiana SAME logr\u00f3 obtener este galard\u00f3n gracias a su Frutteto Cvt 115 S. Gracias a la utilizaci\u00f3n de la <strong>nueva tecnolog\u00eda FARMotion<\/strong> en sus propulsores y sus Aditamentos MaxCom. Que permiten la configuraci\u00f3n completa de la hidr\u00e1ulica del tractor.<\/p>\n<p style=\"text-align: center;\"><a href=\"https:\/\/www.seguros-tractor.es\/\"><em><strong>Compara los seguros de Tractores m\u00e1s baratos en tan solo unos minutos.<\/strong><\/em><\/a><\/p>\n<p><strong>Representa la mejor opci\u00f3n en el mercado<\/strong> para los usuarios que buscan una interfaz agradable con la m\u00e1quina. Y as\u00ed permitirle eficiencia en cualquier situaci\u00f3n y terreno.<\/p>\n","protected":false},"excerpt":{"rendered":"<p>Bolognia 2018. Es en esta ciudad italiana donde se llev\u00f3 a cabo la Exposici\u00f3n Internacional de Maquinaria para la Agricultura, EIMA por sus iniciales en italiano. A su vez, se entregaron los premios a los tractores presentes en el mercado que lograron destacarse\u00a0 tanto\u00a0en dise\u00f1o como rendimiento. Compara los seguros de Tractores m\u00e1s baratos en [&hellip;]<\/p>\n","protected":false},"author":1,"featured_media":379,"comment_status":"open","ping_status":"open","sticky":false,"template":"","format":"standard","meta":{"_et_pb_use_builder":"","_et_pb_old_content":"","_et_gb_content_width":"","footnotes":""},"categories":[1],"tags":[20,21],"class_list":["post-376","post","type-post","status-publish","format-standard","has-post-thumbnail","hentry","category-sin-categoria","tag-case-ih-maxxum-145","tag-premios-a-los-tractores"],"_links":{"self":[{"href":"https:\/\/www.seguros-tractor.es\/blog\/wp-json\/wp\/v2\/posts\/376","targetHints":{"allow":["GET"]}}],"collection":[{"href":"https:\/\/www.seguros-tractor.es\/blog\/wp-json\/wp\/v2\/posts"}],"about":[{"href":"https:\/\/www.seguros-tractor.es\/blog\/wp-json\/wp\/v2\/types\/post"}],"author":[{"embeddable":true,"href":"https:\/\/www.seguros-tractor.es\/blog\/wp-json\/wp\/v2\/users\/1"}],"replies":[{"embeddable":true,"href":"https:\/\/www.seguros-tractor.es\/blog\/wp-json\/wp\/v2\/comments?post=376"}],"version-history":[{"count":1,"href":"https:\/\/www.seguros-tractor.es\/blog\/wp-json\/wp\/v2\/posts\/376\/revisions"}],"predecessor-version":[{"id":1235,"href":"https:\/\/www.seguros-tractor.es\/blog\/wp-json\/wp\/v2\/posts\/376\/revisions\/1235"}],"wp:featuredmedia":[{"embeddable":true,"href":"https:\/\/www.seguros-tractor.es\/blog\/wp-json\/wp\/v2\/media\/379"}],"wp:attachment":[{"href":"https:\/\/www.seguros-tractor.es\/blog\/wp-json\/wp\/v2\/media?parent=376"}],"wp:term":[{"taxonomy":"category","embeddable":true,"href":"https:\/\/www.seguros-tractor.es\/blog\/wp-json\/wp\/v2\/categories?post=376"},{"taxonomy":"post_tag","embeddable":true,"href":"https:\/\/www.seguros-tractor.es\/blog\/wp-json\/wp\/v2\/tags?post=376"}],"curies":[{"name":"wp","href":"https:\/\/api.w.org\/{rel}","templated":true}]}}