{"id":455,"date":"2019-03-01T22:52:52","date_gmt":"2019-03-01T20:52:52","guid":{"rendered":"https:\/\/www.seguros-tractor.es\/blog\/?p=455"},"modified":"2023-12-18T03:19:04","modified_gmt":"2023-12-18T01:19:04","slug":"sanciones-a-agricultores-que-circulan-con-tractores-por-suelo-urbano","status":"publish","type":"post","link":"https:\/\/www.seguros-tractor.es\/blog\/sanciones-a-agricultores-que-circulan-con-tractores-por-suelo-urbano\/03\/2019\/","title":{"rendered":"Sanciones a agricultores que circulan con tractores por suelo urbano"},"content":{"rendered":"\r\n<p>Los agricultores de la zona de Huerta de Valencia, tienen la necesidad de transitar con sus tractores por v\u00edas urbanas. Esta situaci\u00f3n, presentada por la Ronda Norte, por donde han trasportado sus cosechas, disgust\u00f3 a la polic\u00eda municipal. Los agricultores est\u00e1n siendo sometidos a fuertes presiones imponi\u00e9ndoles m\u00faltiples sanciones por peque\u00f1os incidentes.<\/p>\r\n\r\n\r\n\r\n<p>La situaci\u00f3n es denunciada por la Asociaci\u00f3n Valenciana de Agricultores (AVA_ASAJA). La queja fue puesta en la \u00faltima reuni\u00f3n sostenida con Consell Agrari Municipal del ayuntamiento de Valencia, por representantes de AVA_ASAJA.<\/p>\r\n\r\n\r\n\r\n<p>Los m\u00e1s afectados son los productores de chufa. Las multas las imponen por cualquier incidente, por muy m\u00ednimo que sea. <strong>Tal es el caso de multas por tener un faro apagado o un piloto fundido.<\/strong> Tambi\u00e9n por no llevar lona en el remolque para cubrir la cosecha que llevan cargada.\u00a0<\/p>\r\n\r\n\r\n\r\n<p>Estas acciones por parte de la polic\u00eda municipal, han causado malestar entre los productores. Ellos afirman que estos peque\u00f1os incidentes o en tal caso carencias del veh\u00edculo, <strong>no son peligro para la seguridad vial.<\/strong><\/p>\r\n\r\n\r\n\r\n<p>En tal sentido, ellos consideran que se trata m\u00e1s bien de una campa\u00f1a para influir en el \u00e1nimo de los agricultores\u00a0 y evitar que transiten por suelo urbano. A pesar de que este tipo de veh\u00edculos tienen autorizaci\u00f3n para circular libremente por estas v\u00edas. No requieren de un permiso especial para hacerlo.<\/p>\r\n\r\n\r\n\r\n<p>Crist\u00f3bal Aguado, presidente de AVA_ASAJA, manifiesta en relaci\u00f3n al problema,\u00a0 que \u00abLas denuncias contra los agricultores por parte de la Polic\u00eda Local de Valencia se suceden. No estamos ni pidiendo impunidad ni que se permita incumplir las normas. Pero s\u00ed hemos traslado al Ayuntamiento de Valencia una solicitud formal para que se lleve a cabo una regulaci\u00f3n expresa de este tipo de veh\u00edculos agrarios\u00bb.<\/p>\r\n\r\n\r\n\r\n<h2 class=\"wp-block-heading\"><strong>Uso de caminos rurales con tractores<\/strong><\/h2>\r\n\r\n\r\n\r\n<p>Tambi\u00e9n se ha puesto sobre la mesa, la preocupaci\u00f3n que tiene el sector agr\u00edcola sobre el uso de caminos rurales. En especial, en la zona de la huerta que circunda la ciudad de Valencia. En tal sentido, presentaron declaraciones en cuanto al proyecto de Ordenanza de Movilidad del Ayuntamiento de Valencia.<\/p>\r\n\r\n\r\n\r\n<p><strong>Manifiestan que las v\u00edas rurales est\u00e1n siendo muy transitadas por veh\u00edculos que van a alta velocidad.<\/strong> Que entorpecen el trabajo de tractores y maquinaria en general. Adem\u00e1s, dificultan las labores agr\u00edcolas y el trasporte que utilizan los productores para llevar a cabo su trabajo diario.<\/p>\r\n\r\n\r\n\r\n<p>La denuncia fue puesta en la \u00faltima reuni\u00f3n realizada del Consell Agrari Municipal, por representantes de AVA_ASAJA.<\/p>\r\n\r\n\r\n\r\n<p>Los representantes de la Asociaci\u00f3n Valenciana de Agricultores considera muy importante incluir aspectos relacionados a la circulaci\u00f3n en v\u00edas rurales. Indican que es prioritario que se establezcan disposiciones municipales que permitan a los veh\u00edculos de uso agr\u00edcola con sus implementos, circular en forma adecuada. <strong>Adem\u00e1s que se les garantice seguridad mientras circulan.<\/strong><\/p>\r\n\r\n\r\n\r\n<p>Tambi\u00e9n solicitan, que se estudie la restituci\u00f3n de aquellos caminos rurales que \u00faltimamente se est\u00e1n usando como v\u00edas de circulaci\u00f3n r\u00e1pida. Los agricultores los requieren con urgencia, los trabajos que realizan no son temporales, son permanentes. Ellos deben <strong>circular diariamente con sus tractores.<\/strong><\/p>\r\n\r\n\r\n\r\n<p><strong>Asimismo, manifiestan en las alegaciones presentadas, que en los caminos rurales deben tener prioridad las maquinarias agr\u00edcolas y el trasporte que usan.<\/strong> Puesto que esas son zonas de usos agrarios. \u00a0Consideran igualmente, que solo se debe autorizar a usos diferentes, mientras resulten compatibles con el uso agr\u00edcola de la zona.<\/p>\r\n\r\n\r\n\r\n<p>Considerando adem\u00e1s, que no entorpezcan su actividad agr\u00edcola. Tal es el caso de usos tur\u00edsticos, l\u00fadicos, recreativos o usos deportivos. La actividad agr\u00edcola no puede parar en d\u00edas feriados.<\/p>\r\n\r\n\r\n\r\n<p>Tampoco tiene vacaciones ni navidades. El ciclo de los cultivos es continuado, solo para cuando ya se cosech\u00f3. A\u00fan al entregar la cosecha Mientras dure el proceso de crecimiento y reproductivo, hay actividad agr\u00edcola.<\/p>\r\n\r\n\r\n\r\n<p>Recuerde, mantenga su inversi\u00f3n completamente protegida contratando un buen <a href=\"https:\/\/www.seguros-generales.es\/seguros-tractor.html\" target=\"_blank\" rel=\"noopener\">seguro de tractores<\/a>.<\/p>\r\n","protected":false},"excerpt":{"rendered":"<p>Los agricultores de la zona de Huerta de Valencia, tienen la necesidad de transitar con sus tractores por v\u00edas urbanas. Esta situaci\u00f3n, presentada por la Ronda Norte, por donde han trasportado sus cosechas, disgust\u00f3 a la polic\u00eda municipal. Los agricultores est\u00e1n siendo sometidos a fuertes presiones imponi\u00e9ndoles m\u00faltiples sanciones por peque\u00f1os incidentes. La situaci\u00f3n es [&hellip;]<\/p>\n","protected":false},"author":1,"featured_media":403,"comment_status":"open","ping_status":"open","sticky":false,"template":"","format":"standard","meta":{"_et_pb_use_builder":"","_et_pb_old_content":"","_et_gb_content_width":"","footnotes":""},"categories":[1],"tags":[],"class_list":["post-455","post","type-post","status-publish","format-standard","has-post-thumbnail","hentry","category-sin-categoria"],"_links":{"self":[{"href":"https:\/\/www.seguros-tractor.es\/blog\/wp-json\/wp\/v2\/posts\/455","targetHints":{"allow":["GET"]}}],"collection":[{"href":"https:\/\/www.seguros-tractor.es\/blog\/wp-json\/wp\/v2\/posts"}],"about":[{"href":"https:\/\/www.seguros-tractor.es\/blog\/wp-json\/wp\/v2\/types\/post"}],"author":[{"embeddable":true,"href":"https:\/\/www.seguros-tractor.es\/blog\/wp-json\/wp\/v2\/users\/1"}],"replies":[{"embeddable":true,"href":"https:\/\/www.seguros-tractor.es\/blog\/wp-json\/wp\/v2\/comments?post=455"}],"version-history":[{"count":2,"href":"https:\/\/www.seguros-tractor.es\/blog\/wp-json\/wp\/v2\/posts\/455\/revisions"}],"predecessor-version":[{"id":1223,"href":"https:\/\/www.seguros-tractor.es\/blog\/wp-json\/wp\/v2\/posts\/455\/revisions\/1223"}],"wp:featuredmedia":[{"embeddable":true,"href":"https:\/\/www.seguros-tractor.es\/blog\/wp-json\/wp\/v2\/media\/403"}],"wp:attachment":[{"href":"https:\/\/www.seguros-tractor.es\/blog\/wp-json\/wp\/v2\/media?parent=455"}],"wp:term":[{"taxonomy":"category","embeddable":true,"href":"https:\/\/www.seguros-tractor.es\/blog\/wp-json\/wp\/v2\/categories?post=455"},{"taxonomy":"post_tag","embeddable":true,"href":"https:\/\/www.seguros-tractor.es\/blog\/wp-json\/wp\/v2\/tags?post=455"}],"curies":[{"name":"wp","href":"https:\/\/api.w.org\/{rel}","templated":true}]}}