{"id":512,"date":"2019-04-16T18:53:38","date_gmt":"2019-04-16T16:53:38","guid":{"rendered":"https:\/\/www.seguros-tractor.es\/blog\/?p=512"},"modified":"2023-12-18T03:30:59","modified_gmt":"2023-12-18T01:30:59","slug":"inicio-tour-de-massey-ferguson","status":"publish","type":"post","link":"https:\/\/www.seguros-tractor.es\/blog\/inicio-tour-de-massey-ferguson\/04\/2019\/","title":{"rendered":"Inici\u00f3 Tour de Massey Ferguson"},"content":{"rendered":"<p>El Tour Europeo MFeXperience de <a href=\"https:\/\/www.seguros-tractor.es\/massey-ferguson.html\">Massey Ferguson<\/a> inici\u00f3 el pasado 4 de abril en Trevisco, Italia. Abarca siete pa\u00edses europeos. La marca ofrece una experiencia pr\u00e1ctica con sus \u00faltimas novedades en producto, a agricultores, ganaderos y operarios de toda Europa.<\/p>\n<p>Francesco Quaranta, Vice-Presidente y Director de Ventas, Marketing y Productor de Massey Ferguson para Europa y Oriente Medio expuso. \u201cLas ferias est\u00e1ticas siguen teniendo importancia para nosotros. Pero no pueden ofrecer todo lo que nuestros clientes quieren\u201d.<\/p>\n<p>\u201cCuando estamos en estos eventos una y otra vez, los agricultores nos dicen que quieren probar nuestros equipos en el campo, en sus explotaciones y en sus condiciones. A\u00f1adi\u00f3 Francesco Quaranta, que \u201cA lo largo del viaje MFeXperience, desde las ferias est\u00e1ticas hasta los eventos en campo, los clientes formar\u00e1n parte de una experiencia m\u00e1s personalizada y profesional\u201d.<\/p>\n<p>Contin\u00faa diciendo, \u201cPara ello estamos utilizando la realidad virtual y otras tecnolog\u00edas.\u00a0 Para que el cliente experimente una forma m\u00e1s interactiva de ver la maquinaria en las ferias interiores. Mientras que fuera en el campo, en el Tour MF eXperience, los clientes pueden conducir y probar todos los equipos Massey Ferguson por s\u00ed mismos\u201d.<\/p>\n<blockquote><p>Recuerde contratar el mejor <a href=\"https:\/\/www.seguros-tractor.es\">seguro de tractor<\/a> para proteger su maquinaria<\/p><\/blockquote>\n<div id=\"ez-toc-container\" class=\"ez-toc-v2_0_82_2 counter-hierarchy ez-toc-counter ez-toc-grey ez-toc-container-direction\">\n<div class=\"ez-toc-title-container\">\n<p class=\"ez-toc-title\" style=\"cursor:inherit\">Table of Contents<\/p>\n<span class=\"ez-toc-title-toggle\"><a href=\"#\" class=\"ez-toc-pull-right ez-toc-btn ez-toc-btn-xs ez-toc-btn-default ez-toc-toggle\" aria-label=\"Alternar tabla de contenidos\"><span class=\"ez-toc-js-icon-con\"><span class=\"\"><span class=\"eztoc-hide\" style=\"display:none;\">Toggle<\/span><span class=\"ez-toc-icon-toggle-span\"><svg style=\"fill: #999;color:#999\" xmlns=\"http:\/\/www.w3.org\/2000\/svg\" class=\"list-377408\" width=\"20px\" height=\"20px\" viewBox=\"0 0 24 24\" fill=\"none\"><path d=\"M6 6H4v2h2V6zm14 0H8v2h12V6zM4 11h2v2H4v-2zm16 0H8v2h12v-2zM4 16h2v2H4v-2zm16 0H8v2h12v-2z\" fill=\"currentColor\"><\/path><\/svg><svg style=\"fill: #999;color:#999\" class=\"arrow-unsorted-368013\" xmlns=\"http:\/\/www.w3.org\/2000\/svg\" width=\"10px\" height=\"10px\" viewBox=\"0 0 24 24\" version=\"1.2\" baseProfile=\"tiny\"><path d=\"M18.2 9.3l-6.2-6.3-6.2 6.3c-.2.2-.3.4-.3.7s.1.5.3.7c.2.2.4.3.7.3h11c.3 0 .5-.1.7-.3.2-.2.3-.5.3-.7s-.1-.5-.3-.7zM5.8 14.7l6.2 6.3 6.2-6.3c.2-.2.3-.5.3-.7s-.1-.5-.3-.7c-.2-.2-.4-.3-.7-.3h-11c-.3 0-.5.1-.7.3-.2.2-.3.5-.3.7s.1.5.3.7z\"\/><\/svg><\/span><\/span><\/span><\/a><\/span><\/div>\n<nav><ul class='ez-toc-list ez-toc-list-level-1 ' ><li class='ez-toc-page-1 ez-toc-heading-level-2'><a class=\"ez-toc-link ez-toc-heading-1\" href=\"https:\/\/www.seguros-tractor.es\/blog\/inicio-tour-de-massey-ferguson\/04\/2019\/#Tour_MFeXperience\" >Tour MFeXperience<\/a><\/li><li class='ez-toc-page-1 ez-toc-heading-level-2'><a class=\"ez-toc-link ez-toc-heading-2\" href=\"https:\/\/www.seguros-tractor.es\/blog\/inicio-tour-de-massey-ferguson\/04\/2019\/#Tours_por_siete_paises_europeos\" >Tours\u00a0 por siete pa\u00edses europeos<\/a><\/li><\/ul><\/nav><\/div>\n<h2><span class=\"ez-toc-section\" id=\"Tour_MFeXperience\"><\/span><strong>Tour MFeXperience<\/strong><span class=\"ez-toc-section-end\"><\/span><\/h2>\n<p>La estrategia de ventas de Massey Ferguson, comenz\u00f3 en Bolonia en la Feria de EIMA en noviembre 2018. Ahora, contin\u00faa con el inicio del Tour MFeXperience, en Treviso, Italia. Desde aqu\u00ed se trasladar\u00e1 a Alemania, Francia, Polonia, Noruega, Dinamarca y por \u00faltimo a \u00a0Espa\u00f1a.<\/p>\n<p>El Tour MFeXperience \u00a0prev\u00e9 recibir un total de 6.000 clientes en 25 ubicaciones. Est\u00e1 previsto tambi\u00e9n que durante 75 d\u00edas se traslade de una ciudad a otra cada semana. Tiene disponible una superficie de 3.5 ha para la realizar la prueba de las maquinarias y 180 m2 para que los clientes sean atendidos.<\/p>\n<p>En cada lugar, estar\u00e1n 25 expertos de MF que acompa\u00f1an a los clientes y les ofrecen una experiencia \u00fanica. Con m\u00e1s de 12 m\u00e1quinas por localizaci\u00f3n. Los clientes se separan en peque\u00f1os grupos. Participan y forman parte de las actividades y est\u00e1n en comunicaci\u00f3n directa con el personal del concesionario.<\/p>\n<p>Tambi\u00e9n tienen la oportunidad de conocer a los especialistas de producto. Pueden conocer\u00a0 en detalle todo tipo de informaci\u00f3n, sobre la parte operativa y mec\u00e1nica de la maquinaria. Consejos para su mantenimiento, vida \u00fatil y toda la informaci\u00f3n pertinente a la maquinaria y los implementos agr\u00edcolas.<\/p>\n<p>Seg\u00fan Francesco Quaranta, \u201cpermite a los clientes ver c\u00f3mo la \u00faltima tecnolog\u00eda puede aportar enormes ventajas a su d\u00eda a d\u00eda y a sus explotaciones. No hay mejor lugar que el campo para probar esto por s\u00ed mismos. Y poder apreciar plenamente los beneficios que ofrece la tecnolog\u00eda de Massey Ferguson como el Autoguiado o la conexi\u00f3n ISOBUS\u201d.<\/p>\n<p>Se reciben a los asistentes en el edificio de Massey Ferguson. All\u00ed pueden ver algunas\u00a0 presentaciones cortas, seguidas de un desfile de todas las m\u00e1quinas que se encuentran en exhibici\u00f3n. Tienen la oportunidad de conocer a los socios de <a href=\"https:\/\/www.seguros-tractor.es\/massey-ferguson.html\">Massey Ferguson<\/a>: AGCO Parts, AGCO Finance, MF Smart Farming con Fuse y los neum\u00e1ticos de Trelleborg.<\/p>\n<p>No obstante, el objetivo principal del evento es que los productores puedan subir a las m\u00e1quinas. Que tengan una experiencia pr\u00e1ctica sobre el funcionamiento de todos los equipos presentes en la exposici\u00f3n. Se incluyen ocho series de tractores, palas, telesc\u00f3picas y las m\u00e1s recientes empacadoras y roto empacadoras.<\/p>\n<p>Asimismo, podr\u00e1n ver y probar rastrillos, hileradores, henificadores y segadoras. En algunas ubicaciones, est\u00e1 programado para que tambi\u00e9n puedan ver la cosechadora \u2018MF IDEAL n funcionamiento.<\/p>\n<h2><span class=\"ez-toc-section\" id=\"Tours_por_siete_paises_europeos\"><\/span><strong>Tours\u00a0 por siete pa\u00edses europeos<\/strong><span class=\"ez-toc-section-end\"><\/span><\/h2>\n<p>MFeXperience inici\u00f3 en Treviso los d\u00edas 3,4, y 5 de abril, recorrer\u00e1 las ubicaciones en Italia, para seguir a Alemania. All\u00ed estar\u00e1 desde el 29 de abril hasta finales de mayo. Iniciando el mes de junio (5, 6 y 7), ya se encontrar\u00e1 en la primera ubicaci\u00f3n en Francia, hasta mediados de mes.<\/p>\n<p>En Polonia llegar\u00e1 a mediados de julio, luego pasa a Noruega en agosto y sigue a Dinamarca 4, 5, y 6 de septiembre. A finales de octubre ya habr\u00e1 llegado a Espa\u00f1a. Las localizaciones est\u00e1n por determinar. Pero las fechas ser\u00e1n a partir del 29 de octubre hasta mediados de noviembre.<\/p>\n<p><strong>Los agricultores, ganaderos y operarios de toda Europa, tienen la oportunidad de participar en una experiencia pr\u00e1ctica. Con las \u00faltimas novedades de Massey Ferguson.\u00a0<\/strong><\/p>\n<blockquote><p>Para encontrar el mejor seguro recuerde utilizar el mejor <a href=\"https:\/\/seguros-de-tractor.seguros-generales.es\/\" target=\"_blank\" rel=\"noopener\">comparador de seguros de tractor<\/a><\/p><\/blockquote>\n","protected":false},"excerpt":{"rendered":"<p>El Tour Europeo MFeXperience de Massey Ferguson inici\u00f3 el pasado 4 de abril en Trevisco, Italia. Abarca siete pa\u00edses europeos. La marca ofrece una experiencia pr\u00e1ctica con sus \u00faltimas novedades en producto, a agricultores, ganaderos y operarios de toda Europa. Francesco Quaranta, Vice-Presidente y Director de Ventas, Marketing y Productor de Massey Ferguson para Europa [&hellip;]<\/p>\n","protected":false},"author":1,"featured_media":513,"comment_status":"open","ping_status":"open","sticky":false,"template":"","format":"standard","meta":{"_et_pb_use_builder":"","_et_pb_old_content":"","_et_gb_content_width":"","footnotes":""},"categories":[34],"tags":[36,37],"class_list":["post-512","post","type-post","status-publish","format-standard","has-post-thumbnail","hentry","category-tractor","tag-massey-ferguson","tag-seguro-de-tractor"],"_links":{"self":[{"href":"https:\/\/www.seguros-tractor.es\/blog\/wp-json\/wp\/v2\/posts\/512","targetHints":{"allow":["GET"]}}],"collection":[{"href":"https:\/\/www.seguros-tractor.es\/blog\/wp-json\/wp\/v2\/posts"}],"about":[{"href":"https:\/\/www.seguros-tractor.es\/blog\/wp-json\/wp\/v2\/types\/post"}],"author":[{"embeddable":true,"href":"https:\/\/www.seguros-tractor.es\/blog\/wp-json\/wp\/v2\/users\/1"}],"replies":[{"embeddable":true,"href":"https:\/\/www.seguros-tractor.es\/blog\/wp-json\/wp\/v2\/comments?post=512"}],"version-history":[{"count":2,"href":"https:\/\/www.seguros-tractor.es\/blog\/wp-json\/wp\/v2\/posts\/512\/revisions"}],"predecessor-version":[{"id":1258,"href":"https:\/\/www.seguros-tractor.es\/blog\/wp-json\/wp\/v2\/posts\/512\/revisions\/1258"}],"wp:featuredmedia":[{"embeddable":true,"href":"https:\/\/www.seguros-tractor.es\/blog\/wp-json\/wp\/v2\/media\/513"}],"wp:attachment":[{"href":"https:\/\/www.seguros-tractor.es\/blog\/wp-json\/wp\/v2\/media?parent=512"}],"wp:term":[{"taxonomy":"category","embeddable":true,"href":"https:\/\/www.seguros-tractor.es\/blog\/wp-json\/wp\/v2\/categories?post=512"},{"taxonomy":"post_tag","embeddable":true,"href":"https:\/\/www.seguros-tractor.es\/blog\/wp-json\/wp\/v2\/tags?post=512"}],"curies":[{"name":"wp","href":"https:\/\/api.w.org\/{rel}","templated":true}]}}