{"id":550,"date":"2019-06-12T14:41:58","date_gmt":"2019-06-12T12:41:58","guid":{"rendered":"https:\/\/www.seguros-tractor.es\/blog\/?p=550"},"modified":"2023-12-18T03:27:07","modified_gmt":"2023-12-18T01:27:07","slug":"fendtguinos-2019-8va-edicion-de-la-gran-feria-en-tierra-de-campos","status":"publish","type":"post","link":"https:\/\/www.seguros-tractor.es\/blog\/fendtguinos-2019-8va-edicion-de-la-gran-feria-en-tierra-de-campos\/06\/2019\/","title":{"rendered":"Fendtg\u00fcinos 2019,\u00a0 8va edici\u00f3n de la gran feria en Tierra de Campos"},"content":{"rendered":"<p>Son ocho los grandes \u00e9xitos de Fendtg\u00fcinos. En esta temporada, se escogi\u00f3 como escenario para la celebraci\u00f3n del gran evento, Tierra de Campos. Municipio palentino de Cervatos de la Cueza.<\/p>\n<p>Fendtg\u00fcinos 2019 se celebr\u00f3 con una gran fiesta en el campo que organiza la marca del Grupo AGCO cada dos a\u00f1os. Los organizadores eligieron acertadamente una zona donde se maneja con alto nivel de especializaci\u00f3n el cultivo del cereal y tiene muy cerca otras regiones especializadas en otros cultivos.<\/p>\n<p><strong>Los seguidores de la marca\u00a0Fendt\u00a0 invadieron la comarca agr\u00edcola de Tierra de Campos con m\u00e1s de 559 tractores, <\/strong>Desde los peque\u00f1os Fendt 200 Vario hasta el potente Fendt 1050 Vario. As\u00ed como empacadora e implementos agr\u00edcolas. Adem\u00e1s de alrededor de 4.000 asistentes que disfrutaron de esta gran jornada agr\u00edcola.<\/p>\n<blockquote><p>Recuerde proteger su inversi\u00f3n contratando el mejor <a href=\"https:\/\/www.seguros-tractor.es\">seguro de tractor<\/a><\/p><\/blockquote>\n<p>La octava edici\u00f3n del gran d\u00eda del cliente Fendt\u2019 tuvo lugar en una finca de 26 hect\u00e1reas hasta donde viajaron tractores e implementos forrajeros. Muchos llegaron por carretera, conducidos por sus propietarios, procedentes de localidades situadas en un radio de 200 kil\u00f3metros. Tambi\u00e9n se unieron otros agricultores y profesionales vinculados con la marca, procedentes de zonas m\u00e1s alejadas del lugar.<\/p>\n<p>La mayor parte de los asistentes son usuarios y amantes de la marca Fendt, en especial de sus tractores, su producto emblem\u00e1tico. Aunque tambi\u00e9n son referencia en otros segmentos, como en equipos especializados en el manejo y recolecci\u00f3n de forraje.<\/p>\n<p>En el evento hubo oportunidad de reunirse con colegas y disfrutar de una comida campestre gratuita. Adem\u00e1s de presenciar espectaculares demostraciones de distinta \u00edndole. Suficiente para dar un alto a una jornada laboral.<\/p>\n<blockquote class=\"wp-embedded-content\" data-secret=\"3mFq5x56FY\"><p><a href=\"https:\/\/www.seguros-tractor.es\/blog\/castilla-y-leon-con-14-de-tractores-en-espana\/05\/2019\/\">Castilla y Le\u00f3n con 14% de tractores en Espa\u00f1a<\/a><\/p><\/blockquote>\n<p><iframe loading=\"lazy\" class=\"wp-embedded-content\" sandbox=\"allow-scripts\" security=\"restricted\" style=\"position: absolute; clip: rect(1px, 1px, 1px, 1px);\" title=\"\u00abCastilla y Le\u00f3n con 14% de tractores en Espa\u00f1a\u00bb \u2014 Blog de Vehiculos Agricolas; Tractores, Cosechadoras, Motocultores y Remolques Agricolas\" src=\"https:\/\/www.seguros-tractor.es\/blog\/castilla-y-leon-con-14-de-tractores-en-espana\/05\/2019\/embed\/#?secret=nLZOnpqxff#?secret=3mFq5x56FY\" data-secret=\"3mFq5x56FY\" width=\"600\" height=\"338\" frameborder=\"0\" marginwidth=\"0\" marginheight=\"0\" scrolling=\"no\"><\/iframe><\/p>\n<p>Es necesario destacar que en esta edici\u00f3n se repiti\u00f3 una iniciativa solidaria enfocada a los m\u00e1s desfavorecidos. La organizaci\u00f3n Banco de Alimentos de Palencia,\u00a0 logr\u00f3 recaudar 2.380 euros. Gracias al cl\u00e1sico vaso solidario, ecol\u00f3gico, reciclable y dise\u00f1ado especialmente para el evento, que pudo adquirirse por el simb\u00f3lico precio de 1 euro.<\/p>\n<h2><strong>\u00a0<\/strong><strong>Opinan expertos y usuarios <\/strong><\/h2>\n<p>Christian Erkens, director de Ventas Fendt EME para Europa y Oriente Medio, \u201cRealmente, me gusta lo que estoy viendo. Muchos clientes Fendt felices y otros muchos tambi\u00e9n que son clientes potenciales de la marca que han querido venir a conocer de cerca el \u2018Mundo Fendt\u2019\u201d.<\/p>\n<p>Afirma \u201cFendt es una marca que goza de un prestigio reconocido desde hace varias d\u00e9cadas en el mercado de tractores, y ahora tambi\u00e9n lo comenzamos a ser con nuestros equipos de recolecci\u00f3n y forraje, gracias a nuestra full-line\u201d.<\/p>\n<p>Considera tambi\u00e9n, que la <strong>clave del \u00e9xito de Fendtg\u00fcinos est\u00e1 en demostrar directamente en el campo la gama de productos de la marca, as\u00ed como sus bondades<\/strong>.<\/p>\n<ul>\n<li>El zamorano Manuel Salgado cultiva ma\u00edz, alfalfa y cereal, trabaja en la empresa familiar de servicios agr\u00edcolas Sagaduero. Tiene un amplio parque de maquinaria, incluye seis tractores Fendt (dos modelos 716, dos 720, un 924 y un 930). \u201cNos gustan c\u00f3mo van, <strong>son tractores muy fiables, que no consumen mucho y de lo que hemos probado es lo que mejor ha funcionado\u201d.<\/strong><\/li>\n<li>Por su parte, Jos\u00e9 Mar\u00eda Mart\u00edn Herrero, propietario junto a su hermano Juan Carlos de la empresa de servicios agr\u00edcolas Agrimarca. Prestan servicios agr\u00edcolas a 750ha\u00a0 Disponen de un amplio parque de maquinaria multimarca que incluye un tractor Fendt 716 Vario TMS.<\/li>\n<\/ul>\n<p>\u201c<strong>Estamos muy contentos con \u00e9l gracias sobre todo a la transmisi\u00f3n Vario y a su versatilidad\u201d. \u201c<\/strong>Se ha podido comprobar con el tiempo que Fendt es una marca l\u00edder, muy asentada en potencias medias y altas: un tractor que convence\u201d.<\/p>\n<ul>\n<li>Gerard Mercad\u00e9 de El Pla de l&#8217;Estany (Girona). Trabaja con tres tractores Fendt (927 Vario, 933 Vario y 936 Vario), \u201c<strong>porque son los mejores del mercado\u201d.<\/strong> Destac\u00f3 \u201cLa transmisi\u00f3n Vario es una pasada, as\u00ed como los frenos y la suspensi\u00f3n delantera independiente\u201d. <strong>\u201cTener la posibilidad de ver trabajar a las m\u00e1quinas en campo, con diferentes aperos, es lo mejor que hay\u00bb.<\/strong><\/li>\n<li>Roberto Casares, responsable de la marca en Tierra de Campos, \u201cel cliente Fendt tiene la sensaci\u00f3n de tener su marca dentro del coraz\u00f3n, es algo muy especial\u201d.<\/li>\n<li>Carlos Villasante los principales art\u00edfice en la organizaci\u00f3n y crecimiento de Fendtg\u00fcinos. \u201c\u2026Fendtg\u00fcinos est\u00e1 plenamente consolidada y ya es una marca y un referente en el mundo agr\u00edcola\u201d<\/li>\n<\/ul>\n<blockquote><p>Utilice siempre el mejor <a href=\"https:\/\/seguros-de-tractor.seguros-generales.es\/\" target=\"_blank\" rel=\"noopener\">comparador de seguro de tractor<\/a> para contratar el mejor seguro del mercado.<\/p><\/blockquote>\n","protected":false},"excerpt":{"rendered":"<p>Son ocho los grandes \u00e9xitos de Fendtg\u00fcinos. En esta temporada, se escogi\u00f3 como escenario para la celebraci\u00f3n del gran evento, Tierra de Campos. Municipio palentino de Cervatos de la Cueza. Fendtg\u00fcinos 2019 se celebr\u00f3 con una gran fiesta en el campo que organiza la marca del Grupo AGCO cada dos a\u00f1os. Los organizadores eligieron acertadamente [&hellip;]<\/p>\n","protected":false},"author":1,"featured_media":552,"comment_status":"open","ping_status":"open","sticky":false,"template":"","format":"standard","meta":{"_et_pb_use_builder":"","_et_pb_old_content":"","_et_gb_content_width":"","footnotes":""},"categories":[1],"tags":[],"class_list":["post-550","post","type-post","status-publish","format-standard","has-post-thumbnail","hentry","category-sin-categoria"],"_links":{"self":[{"href":"https:\/\/www.seguros-tractor.es\/blog\/wp-json\/wp\/v2\/posts\/550","targetHints":{"allow":["GET"]}}],"collection":[{"href":"https:\/\/www.seguros-tractor.es\/blog\/wp-json\/wp\/v2\/posts"}],"about":[{"href":"https:\/\/www.seguros-tractor.es\/blog\/wp-json\/wp\/v2\/types\/post"}],"author":[{"embeddable":true,"href":"https:\/\/www.seguros-tractor.es\/blog\/wp-json\/wp\/v2\/users\/1"}],"replies":[{"embeddable":true,"href":"https:\/\/www.seguros-tractor.es\/blog\/wp-json\/wp\/v2\/comments?post=550"}],"version-history":[{"count":1,"href":"https:\/\/www.seguros-tractor.es\/blog\/wp-json\/wp\/v2\/posts\/550\/revisions"}],"predecessor-version":[{"id":1246,"href":"https:\/\/www.seguros-tractor.es\/blog\/wp-json\/wp\/v2\/posts\/550\/revisions\/1246"}],"wp:featuredmedia":[{"embeddable":true,"href":"https:\/\/www.seguros-tractor.es\/blog\/wp-json\/wp\/v2\/media\/552"}],"wp:attachment":[{"href":"https:\/\/www.seguros-tractor.es\/blog\/wp-json\/wp\/v2\/media?parent=550"}],"wp:term":[{"taxonomy":"category","embeddable":true,"href":"https:\/\/www.seguros-tractor.es\/blog\/wp-json\/wp\/v2\/categories?post=550"},{"taxonomy":"post_tag","embeddable":true,"href":"https:\/\/www.seguros-tractor.es\/blog\/wp-json\/wp\/v2\/tags?post=550"}],"curies":[{"name":"wp","href":"https:\/\/api.w.org\/{rel}","templated":true}]}}