{"id":557,"date":"2019-06-17T12:47:53","date_gmt":"2019-06-17T10:47:53","guid":{"rendered":"https:\/\/www.seguros-tractor.es\/blog\/?p=557"},"modified":"2023-12-18T03:26:19","modified_gmt":"2023-12-18T01:26:19","slug":"el-petroleo-baja-13-mas-que-el-gasoleo-agricola","status":"publish","type":"post","link":"https:\/\/www.seguros-tractor.es\/blog\/el-petroleo-baja-13-mas-que-el-gasoleo-agricola\/06\/2019\/","title":{"rendered":"El petr\u00f3leo baja 13% m\u00e1s que el gas\u00f3leo agr\u00edcola"},"content":{"rendered":"<p>La Uni\u00f3n de Uniones de Agricultores y Ganaderos quienes hacen seguimiento al precio del petr\u00f3leo y del gas\u00f3leo agr\u00edcola hacen denuncias al respecto<u>.<\/u> Nuevamente, bajan los precios del crudo y el gas\u00f3leo agr\u00edcola pero en proporciones completamente diferentes. Donde el gas\u00f3leo est\u00e1 en desventaja.<\/p>\n<p><strong>La organizaci\u00f3n considera que la creaci\u00f3n de un gas\u00f3leo profesional espec\u00edficamente para uso agr\u00edcola es una de los temas prioritarios para discutir en la legislatura que inicia recientemente<\/strong>.<\/p>\n<p>Uni\u00f3n de Uniones evalu\u00f3 e hizo un an\u00e1lisis de los precios. En consecuencia destaca que a finales del mes de abril, <strong>el petr\u00f3leo contaba con el precio m\u00e1s alto por barril en 2019. Y en el mes de junio, baj\u00f3 el precio un poco m\u00e1s de un 17%.<\/strong> Mientras que por su parte, <strong>el gas\u00f3leo agr\u00edcola baj\u00f3 s\u00f3lo un 4%.<\/strong><\/p>\n<p>En otras palabras, la \u00faltima semana del mes de abril de 2019 el precio del petr\u00f3leo OPEP llegaba a los 74 d\u00f3lares por barril (66,6 euros). En esas mismas fechas, el gas\u00f3leo B se encontraba, en promedio en Espa\u00f1a, sobre los 0,965 \u20ac\/litro.<\/p>\n<p>Despu\u00e9s de caer los precios, mientras que el petr\u00f3leo llegaba a los 60,88 d\u00f3lares por barril en los primeros d\u00edas del mes de junio (54,19 euros), el gas\u00f3leo B se situaba en 0,925 euros. Una diferencia en porcentaje, bastante elevada. Lo que Uni\u00f3n de Uniones considera completamente fuera de la realidad.<\/p>\n<blockquote><p>Utilice siempre el mejor <a href=\"https:\/\/seguros-de-tractor.seguros-generales.es\/\" target=\"_blank\" rel=\"noopener\">comparador de seguro de tractor<\/a> para contratar el mejor seguro del mercado.<\/p><\/blockquote>\n<h2><strong>Uni\u00f3n de Uniones de agricultores denuncia<\/strong><\/h2>\n<p>La Uni\u00f3n de Uniones de Agricultores y Ganaderos pone en evidencia la problem\u00e1tica de precios. Adem\u00e1s critica que la proporci\u00f3n de ca\u00edda de precios no sea igual o semejante en el gas\u00f3leo agr\u00edcola. Este combustible es fundamental para el trabajo de los agricultores en el campo. En tal sentido, <strong>piden que se haga una regulaci\u00f3n que tenga en cuenta las peculiaridades del campo. <\/strong><\/p>\n<p>As\u00ed denuncian, \u201cAsistimos una vez m\u00e1s a lo mismo, sin que se tome ninguna medida de control por parte de los poderes p\u00fablicos\u201d\u2026\u201cque en cuanto sube el crudo, los precios del combustible en poste se disparan como un cohete; pero cuando el petr\u00f3leo baja, las compa\u00f1\u00edas que dominan el suministro no tienen ninguna prisa en repercutirlo\u201d.<\/p>\n<p>Asimismo, critican que se pida mayor adaptaci\u00f3n por parte de los agricultores y ganaderos a las normas de medioambientales. Y que por otra parte, no se ofrezcan las herramientas o las soluciones que vayan encaminadas a su cumplimiento.<\/p>\n<p>En este sentido, destaca la falta de apoyo ante la renovaci\u00f3n del parque de maquinaria agr\u00edcola. <strong>Ellos exigen renovar la vieja maquinaria por modelos nuevos que hagan m\u00e1s eficientes las jornadas agr\u00edcolas.<\/strong> Igualmente, comentan sobre la anunciada normativa que proyecta el gobierno contra el di\u00e9sel, por la v\u00eda fiscal. En la b\u00fasqueda de la descarbonizaci\u00f3n de la econom\u00eda.<\/p>\n<p>En consecuencia manifiestan, \u201cEntendemos que el di\u00e9sel en la ciudad, a trav\u00e9s de la emisi\u00f3n de \u00f3xido nitroso, sea un gran contaminante. Y que las autoridades, mirando por la salud de los ciudadanos de los n\u00facleos urbanos, con millones de veh\u00edculos y calefacciones, busquen soluciones\u201d.<\/p>\n<p>Sin embargo, ellos opinan, que los motores di\u00e9sel emiten menos CO2 que los carburados y en este sentido expresan\u00a0 \u201c\u2026 en el campo funciona de otra forma y la concentraci\u00f3n del nivel de emisiones no es comparable. No se debe legislar igual cuando los efectos son distintos\u201d.<\/p>\n<p>Como resultado, Uni\u00f3n de Uniones\u00a0solicita al Ministerio de Agricultura as\u00ed como al Ministerio de Transici\u00f3n Ecol\u00f3gica a realizar un trabajo conjunto con agricultores y ganaderos. De esta manera, buscaran soluciones en v\u00edas de descarbonizar realmente el ambiente.<\/p>\n<p>Pero evitando crear normas pensadas solo para las ciudades y que acaben perjudicando a los productores. Que en todo caso, son los que mantienen surtidas las despensas de los ciudadanos.<\/p>\n<p><strong>Mantenga a su tractor protegido contra robos y accidentes. Adquiera el mejor <a href=\"https:\/\/www.seguros-tractor.es\">seguro para tractores<\/a>. Cuide su inversi\u00f3n, son sus principales herramientas de trabajo. <\/strong><\/p>\n","protected":false},"excerpt":{"rendered":"<p>La Uni\u00f3n de Uniones de Agricultores y Ganaderos quienes hacen seguimiento al precio del petr\u00f3leo y del gas\u00f3leo agr\u00edcola hacen denuncias al respecto. Nuevamente, bajan los precios del crudo y el gas\u00f3leo agr\u00edcola pero en proporciones completamente diferentes. Donde el gas\u00f3leo est\u00e1 en desventaja. La organizaci\u00f3n considera que la creaci\u00f3n de un gas\u00f3leo profesional espec\u00edficamente [&hellip;]<\/p>\n","protected":false},"author":1,"featured_media":558,"comment_status":"open","ping_status":"open","sticky":false,"template":"","format":"standard","meta":{"_et_pb_use_builder":"","_et_pb_old_content":"","_et_gb_content_width":"","footnotes":""},"categories":[25],"tags":[],"class_list":["post-557","post","type-post","status-publish","format-standard","has-post-thumbnail","hentry","category-interes-general"],"_links":{"self":[{"href":"https:\/\/www.seguros-tractor.es\/blog\/wp-json\/wp\/v2\/posts\/557","targetHints":{"allow":["GET"]}}],"collection":[{"href":"https:\/\/www.seguros-tractor.es\/blog\/wp-json\/wp\/v2\/posts"}],"about":[{"href":"https:\/\/www.seguros-tractor.es\/blog\/wp-json\/wp\/v2\/types\/post"}],"author":[{"embeddable":true,"href":"https:\/\/www.seguros-tractor.es\/blog\/wp-json\/wp\/v2\/users\/1"}],"replies":[{"embeddable":true,"href":"https:\/\/www.seguros-tractor.es\/blog\/wp-json\/wp\/v2\/comments?post=557"}],"version-history":[{"count":1,"href":"https:\/\/www.seguros-tractor.es\/blog\/wp-json\/wp\/v2\/posts\/557\/revisions"}],"predecessor-version":[{"id":1244,"href":"https:\/\/www.seguros-tractor.es\/blog\/wp-json\/wp\/v2\/posts\/557\/revisions\/1244"}],"wp:featuredmedia":[{"embeddable":true,"href":"https:\/\/www.seguros-tractor.es\/blog\/wp-json\/wp\/v2\/media\/558"}],"wp:attachment":[{"href":"https:\/\/www.seguros-tractor.es\/blog\/wp-json\/wp\/v2\/media?parent=557"}],"wp:term":[{"taxonomy":"category","embeddable":true,"href":"https:\/\/www.seguros-tractor.es\/blog\/wp-json\/wp\/v2\/categories?post=557"},{"taxonomy":"post_tag","embeddable":true,"href":"https:\/\/www.seguros-tractor.es\/blog\/wp-json\/wp\/v2\/tags?post=557"}],"curies":[{"name":"wp","href":"https:\/\/api.w.org\/{rel}","templated":true}]}}