{"id":664,"date":"2019-10-14T14:50:30","date_gmt":"2019-10-14T12:50:30","guid":{"rendered":"https:\/\/www.seguros-tractor.es\/blog\/?p=664"},"modified":"2023-12-18T03:36:44","modified_gmt":"2023-12-18T01:36:44","slug":"tradicional-carrera-de-tractores-en-guadalcacin-2019","status":"publish","type":"post","link":"https:\/\/www.seguros-tractor.es\/blog\/tradicional-carrera-de-tractores-en-guadalcacin-2019\/10\/2019\/","title":{"rendered":"Tradicional carrera de tractores en Guadalcac\u00edn 2019"},"content":{"rendered":"<p>En la feria de Guadalcac\u00edn 2019 que se celebr\u00f3 entre el 29 de agosto y el 1 de septiembre, se realiz\u00f3 la tradicional <strong>carrera de tractores<\/strong>. Adem\u00e1s se realizaron otras actividades deportivas.<\/p>\n<p>Como por ejemplo, la competencia de <em>pintball,<\/em> futbol de sal\u00f3n en la categor\u00eda femenina y la famosa carrera de perros con una liebre mec\u00e1nica.<\/p>\n<p><strong>La carrera de tractores tiene 29 a\u00f1os de tradici\u00f3n celebr\u00e1ndose sin interrupci\u00f3n<\/strong>. Este a\u00f1o cumple 24 a\u00f1os que corresponden al campeonato de Andaluc\u00eda. Esta carrera fue organizada por el ayuntamiento de Guadalcac\u00edn.<\/p>\n<p>Coordinado con la Federaci\u00f3n Andaluza de Automovilismo y el Circuito de velocidad de Jerez. Y se celebr\u00f3 el 31 de agosto.<\/p>\n<p>Nieves Mendoza, alcaldesa de Guadalcac\u00edn estuvo presente en la competencia. Tambi\u00e9n asisti\u00f3\u00a0 David de la Encina, responsable de bienestar social de C\u00e1diz y Salvador Ruiz concejal de fiestas.<\/p>\n<p>Y no pod\u00edan faltar Manuel Alonso presidente de la Federaci\u00f3n Andaluza de Automovilismo y Antonio Ruiz, precursor de las carreras de tractores.<\/p>\n<p>Es importante destacar que la feria recibi\u00f3 a gran cantidad de personas que llegaron de todas partes. Adem\u00e1s se cont\u00f3 con la indispensable colaboraci\u00f3n de empresas, comerciantes lugare\u00f1os y colectivos de la entidad para lograr con \u00e9xito la celebraci\u00f3n de este evento.<\/p>\n<p>Adem\u00e1s de muchas actividades programadas se realiz\u00f3 la elecci\u00f3n de las reinas infantil y juvenil de las ferias 2019. Tambi\u00e9n se realizaron juegos, competencias y actos musicales para los m\u00e1s j\u00f3venes.<\/p>\n<blockquote><p>Revise ahora los mejores <a href=\"https:\/\/www.seguroslowcost.es\/seguros-tractor-lowcost.html\" target=\"_blank\" rel=\"noopener\">seguros de tractores low cost<\/a> y aseg\u00farese con la mejor opci\u00f3n del mercado<\/p><\/blockquote>\n<div id=\"ez-toc-container\" class=\"ez-toc-v2_0_82_2 counter-hierarchy ez-toc-counter ez-toc-grey ez-toc-container-direction\">\n<div class=\"ez-toc-title-container\">\n<p class=\"ez-toc-title\" style=\"cursor:inherit\">Table of Contents<\/p>\n<span class=\"ez-toc-title-toggle\"><a href=\"#\" class=\"ez-toc-pull-right ez-toc-btn ez-toc-btn-xs ez-toc-btn-default ez-toc-toggle\" aria-label=\"Alternar tabla de contenidos\"><span class=\"ez-toc-js-icon-con\"><span class=\"\"><span class=\"eztoc-hide\" style=\"display:none;\">Toggle<\/span><span class=\"ez-toc-icon-toggle-span\"><svg style=\"fill: #999;color:#999\" xmlns=\"http:\/\/www.w3.org\/2000\/svg\" class=\"list-377408\" width=\"20px\" height=\"20px\" viewBox=\"0 0 24 24\" fill=\"none\"><path d=\"M6 6H4v2h2V6zm14 0H8v2h12V6zM4 11h2v2H4v-2zm16 0H8v2h12v-2zM4 16h2v2H4v-2zm16 0H8v2h12v-2z\" fill=\"currentColor\"><\/path><\/svg><svg style=\"fill: #999;color:#999\" class=\"arrow-unsorted-368013\" xmlns=\"http:\/\/www.w3.org\/2000\/svg\" width=\"10px\" height=\"10px\" viewBox=\"0 0 24 24\" version=\"1.2\" baseProfile=\"tiny\"><path d=\"M18.2 9.3l-6.2-6.3-6.2 6.3c-.2.2-.3.4-.3.7s.1.5.3.7c.2.2.4.3.7.3h11c.3 0 .5-.1.7-.3.2-.2.3-.5.3-.7s-.1-.5-.3-.7zM5.8 14.7l6.2 6.3 6.2-6.3c.2-.2.3-.5.3-.7s-.1-.5-.3-.7c-.2-.2-.4-.3-.7-.3h-11c-.3 0-.5.1-.7.3-.2.2-.3.5-.3.7s.1.5.3.7z\"\/><\/svg><\/span><\/span><\/span><\/a><\/span><\/div>\n<nav><ul class='ez-toc-list ez-toc-list-level-1 ' ><li class='ez-toc-page-1 ez-toc-heading-level-2'><a class=\"ez-toc-link ez-toc-heading-1\" href=\"https:\/\/www.seguros-tractor.es\/blog\/tradicional-carrera-de-tractores-en-guadalcacin-2019\/10\/2019\/#La_carrera_de_tractores_2019\" >La carrera de tractores 2019<\/a><\/li><li class='ez-toc-page-1 ez-toc-heading-level-2'><a class=\"ez-toc-link ez-toc-heading-2\" href=\"https:\/\/www.seguros-tractor.es\/blog\/tradicional-carrera-de-tractores-en-guadalcacin-2019\/10\/2019\/#Massey_Ferguson_fue_la_marca_ganadora_de_la_competencia\" >Massey Ferguson fue la marca ganadora de la competencia<\/a><\/li><\/ul><\/nav><\/div>\n<h2><span class=\"ez-toc-section\" id=\"La_carrera_de_tractores_2019\"><\/span><strong>La carrera de tractores 2019<\/strong><span class=\"ez-toc-section-end\"><\/span><\/h2>\n<p>Pero una competencia tradicional como la carrera de tractores no pod\u00eda faltar. La alcaldesa manifest\u00f3 que el acceso a las ferias y por supuesto a la competencia de tractores es gratuito. Que las cifran estimadas de la poblaci\u00f3n fue de <strong>10 mil personas.<\/strong><\/p>\n<p>Ya que la competencia de tractores es muy esperada tanto por los habitantes como por los medios de comunicaci\u00f3n.<\/p>\n<p>Muchos de los asistentes era la primera vez que asist\u00edan y quedaron realmente impresionados. Ya que a pesar de ser veh\u00edculos pesados y de gran potencia e inestables en comparaci\u00f3n a un veh\u00edculo normal, <strong>los accidentes relevantes ocurridos durante 29 a\u00f1os son muy escasos y sin importancia. <\/strong><\/p>\n<p>Cabe destacar que este campeonato de Andaluc\u00eda es de una sola categor\u00eda, \u201cclase A\u201d. La categor\u00eda est\u00e1 formada por tractores <strong>con un motor de potencia de 250 \u2013 500 CV<\/strong>.<\/p>\n<p>La competencia consiste en dar entre <strong>ocho y doce vueltas en un circuito de tierra de 1000 metros de largo. <\/strong><\/p>\n<p><strong>Los tractores llegan a alcanzar hasta 100 Km\/h<\/strong>. Los premios para los ganadores estuvieron alrededor de los 3.500 euros. En la \u00faltima edici\u00f3n se cont\u00f3 con 12 competidores, este a\u00f1o se inscribieron 16 pilotos de tractores.<\/p>\n<p>La marca m\u00e1s representativa\u00a0 fue\u00a0 Massey Ferguson con 9 tractores.<\/p>\n<p>Tambi\u00e9n estuvo presente John Deere con un ejemplar y otras marcas como Ebro con dos ejemplares, Ebro 160 \u00a0y un EbroSuper 55 \u2013 Chevrolet V8 6.2 diesel. Dos tractores Barreiro _\u00a0 BMW (un V8 3.0 y un V12 5.0). \u00a0Un Forxon Dextar y un Minneapolis Moline.<\/p>\n<p>Es de resaltar que los 16 participantes proven\u00edan de las provincias de Sevilla, M\u00e1laga, Granada y tambi\u00e9n de la provincia de C\u00e1diz. Adem\u00e1s, participaron un joven piloto de 16 a\u00f1os y un ex piloto de motocicletas.<\/p>\n<blockquote><p>Recuerde proteger su inversi\u00f3n contratando el mejor <a href=\"https:\/\/www.seguros-tractor.es\">seguro de tractor<\/a><\/p><\/blockquote>\n<h2><span class=\"ez-toc-section\" id=\"Massey_Ferguson_fue_la_marca_ganadora_de_la_competencia\"><\/span><strong>Massey Ferguson fue la marca ganadora de la competencia<\/strong><span class=\"ez-toc-section-end\"><\/span><\/h2>\n<p>El ganador de la competencia fue Antonio <strong>Jes\u00fas G\u00f3mez Melero, con un Massey Ferguson- Chevrolet V8 6.2 Diesel.<\/strong> En segundo lugar lleg\u00f3 Manuel Mendoza Ruiz tambi\u00e9n con un Massey Ferguson V8 6.2 diesel y el tercero fue Manuel Moreno Reyes con otro Massey Ferguson 135.<\/p>\n<p>Cabe destacar que Jos\u00e9 Villena fue el ganador de la competencia en el 2018. Y anteriormente fue tres veces campe\u00f3n durante tres a\u00f1os continuos en el per\u00edodo 2014, 2015 y 2016.<\/p>\n<p>Hubo una asistencia muy alta de personas y la organizaci\u00f3n fue destacada como en otros a\u00f1os. A pesar del calor el p\u00fablico asistente se \u00a0mostr\u00f3 \u00a0satisfacci\u00f3n y se mantuvo y mejor\u00f3 la calidad de la competencia. Durante la ma\u00f1ana se hizo una prueba de reconocimiento del circuito y el estado y potencia de los tractores.<\/p>\n<blockquote class=\"wp-embedded-content\" data-secret=\"tzRb6698PQ\"><p><a href=\"https:\/\/www.seguros-tractor.es\/blog\/gama-de-tractores-new-holland-t7\/09\/2019\/\">Gama de tractores New Holland T7.\u00a0<\/a><\/p><\/blockquote>\n<p><iframe loading=\"lazy\" class=\"wp-embedded-content\" sandbox=\"allow-scripts\" security=\"restricted\" style=\"position: absolute; clip: rect(1px, 1px, 1px, 1px);\" title=\"\u00abGama de tractores New Holland T7.\u00a0\u00bb \u2014 Blog de Vehiculos Agricolas; Tractores, Cosechadoras, Motocultores y Remolques Agricolas\" src=\"https:\/\/www.seguros-tractor.es\/blog\/gama-de-tractores-new-holland-t7\/09\/2019\/embed\/#?secret=tRHKId4uDU#?secret=tzRb6698PQ\" data-secret=\"tzRb6698PQ\" width=\"600\" height=\"338\" frameborder=\"0\" marginwidth=\"0\" marginheight=\"0\" scrolling=\"no\"><\/iframe><\/p>\n<p>Despu\u00e9s de una hora de esta prueba libre, se iniciaron los entrenamientos controlados y cronometrados hasta el final de la ma\u00f1ana.<\/p>\n<p>Ya, en horas de la tarde, despu\u00e9s de las seis y media, se inici\u00f3 la competencia de las semi finales, que consisti\u00f3 en dar ocho vueltas en el circuito. La segunda competencia se hizo media hora despu\u00e9s, a las 7 de la noche y la competencia final, un poco m\u00e1s tarde en la noche.<\/p>\n<p>La prueba de este a\u00f1o, se complet\u00f3 con una exhibici\u00f3n de Car Cross con 11 participantes. Fue emocionante tanto para los participantes como para los asistentes. Un a\u00f1o m\u00e1s de \u00e9xito en la celebraci\u00f3n de las ferias de Guadalcac\u00edn y para la tradicional carrera de tractores.<\/p>\n<blockquote><p>Utilice siempre el mejor <a href=\"https:\/\/seguros-de-tractor.seguros-generales.es\/\" target=\"_blank\" rel=\"noopener\">comparador de seguro de tractor<\/a> para contratar el mejor seguro del mercado.<\/p><\/blockquote>\n","protected":false},"excerpt":{"rendered":"<p>En la feria de Guadalcac\u00edn 2019 que se celebr\u00f3 entre el 29 de agosto y el 1 de septiembre, se realiz\u00f3 la tradicional carrera de tractores. Adem\u00e1s se realizaron otras actividades deportivas. Como por ejemplo, la competencia de pintball, futbol de sal\u00f3n en la categor\u00eda femenina y la famosa carrera de perros con una liebre [&hellip;]<\/p>\n","protected":false},"author":1,"featured_media":667,"comment_status":"open","ping_status":"open","sticky":false,"template":"","format":"standard","meta":{"_et_pb_use_builder":"","_et_pb_old_content":"","_et_gb_content_width":"","footnotes":""},"categories":[4],"tags":[],"class_list":["post-664","post","type-post","status-publish","format-standard","has-post-thumbnail","hentry","category-noticia"],"_links":{"self":[{"href":"https:\/\/www.seguros-tractor.es\/blog\/wp-json\/wp\/v2\/posts\/664","targetHints":{"allow":["GET"]}}],"collection":[{"href":"https:\/\/www.seguros-tractor.es\/blog\/wp-json\/wp\/v2\/posts"}],"about":[{"href":"https:\/\/www.seguros-tractor.es\/blog\/wp-json\/wp\/v2\/types\/post"}],"author":[{"embeddable":true,"href":"https:\/\/www.seguros-tractor.es\/blog\/wp-json\/wp\/v2\/users\/1"}],"replies":[{"embeddable":true,"href":"https:\/\/www.seguros-tractor.es\/blog\/wp-json\/wp\/v2\/comments?post=664"}],"version-history":[{"count":2,"href":"https:\/\/www.seguros-tractor.es\/blog\/wp-json\/wp\/v2\/posts\/664\/revisions"}],"predecessor-version":[{"id":1269,"href":"https:\/\/www.seguros-tractor.es\/blog\/wp-json\/wp\/v2\/posts\/664\/revisions\/1269"}],"wp:featuredmedia":[{"embeddable":true,"href":"https:\/\/www.seguros-tractor.es\/blog\/wp-json\/wp\/v2\/media\/667"}],"wp:attachment":[{"href":"https:\/\/www.seguros-tractor.es\/blog\/wp-json\/wp\/v2\/media?parent=664"}],"wp:term":[{"taxonomy":"category","embeddable":true,"href":"https:\/\/www.seguros-tractor.es\/blog\/wp-json\/wp\/v2\/categories?post=664"},{"taxonomy":"post_tag","embeddable":true,"href":"https:\/\/www.seguros-tractor.es\/blog\/wp-json\/wp\/v2\/tags?post=664"}],"curies":[{"name":"wp","href":"https:\/\/api.w.org\/{rel}","templated":true}]}}